{"id":97,"date":"2022-06-27T18:19:31","date_gmt":"2022-06-27T16:19:31","guid":{"rendered":"https:\/\/www.juntosporextremadura.es\/blog\/?p=97"},"modified":"2022-06-27T18:19:32","modified_gmt":"2022-06-27T16:19:32","slug":"juntos-x-extremadura-apuesta-por-un-regionalismo-sensato-para-no-tolerar-mas-ser-la-cola-de-espana","status":"publish","type":"post","link":"https:\/\/www.juntosporextremadura.es\/blog\/juntos-x-extremadura-apuesta-por-un-regionalismo-sensato-para-no-tolerar-mas-ser-la-cola-de-espana\/","title":{"rendered":"Juntos X Extremadura, apuesta por un \u201cREGIONALISMO SENSATO\u201d para no tolerar m\u00e1s \u201cser la cola de Espa\u00f1a\u201d"},"content":{"rendered":"\n<p>Tras la realizaci\u00f3n del primer congreso federal, desde juntos por Extremadura trasladan a la sociedad extreme\u00f1a sus conclusiones generales y se posicionan como la opci\u00f3n del \u201cREGIONALISMO SENSATO\u00bb, independiente de los intereses de partidos nacionales y volcado con el desarrollo de la sociedad civil extreme\u00f1a mediante el empleo, la familia y la lucha contra la despoblaci\u00f3n\u201d.<\/p>\n\n\n\n<p>Quieren ser la contraposici\u00f3n al \u00abECOREGIONALISMO\u00bb de izquierdas, \u201ccuyo modelo parece orientado a crear m\u00e1s incentivos para que aniden una pareja de grullas a que se asienten nuevas familias en la regi\u00f3n\u201d.<\/p>\n\n\n\n<figure class=\"wp-block-image size-large is-resized\"><img loading=\"lazy\" decoding=\"async\" src=\"https:\/\/www.juntosporextremadura.es\/blog\/wp-content\/uploads\/2022\/06\/foto-congreso-1-1024x768.jpeg\" alt=\"\" class=\"wp-image-98\" width=\"244\" height=\"183\" srcset=\"https:\/\/www.juntosporextremadura.es\/blog\/wp-content\/uploads\/2022\/06\/foto-congreso-1-1024x768.jpeg 1024w, https:\/\/www.juntosporextremadura.es\/blog\/wp-content\/uploads\/2022\/06\/foto-congreso-1-300x225.jpeg 300w, https:\/\/www.juntosporextremadura.es\/blog\/wp-content\/uploads\/2022\/06\/foto-congreso-1-768x576.jpeg 768w, https:\/\/www.juntosporextremadura.es\/blog\/wp-content\/uploads\/2022\/06\/foto-congreso-1-1536x1152.jpeg 1536w, https:\/\/www.juntosporextremadura.es\/blog\/wp-content\/uploads\/2022\/06\/foto-congreso-1.jpeg 2048w\" sizes=\"auto, (max-width: 244px) 100vw, 244px\" \/><\/figure>\n\n\n\n<p><strong>\u00bfQU\u00c9 SIGNIFICA EL REGIONALISMO SENSATO PARA JUEX?<\/strong><\/p>\n\n\n\n<p>\u201c \u00b7 Regionalismo sensato es tener las prioridades de nuestra comunidad claras: converger en PIB per c\u00e1pita con el resto del pa\u00eds mediante el desarrollo del sector privado, facilitando la implantaci\u00f3n de nuevas industrias, eliminando barreras fiscales y legales que impiden el desarrollo de una sociedad civil sana y aut\u00f3noma.<\/p>\n\n\n\n<p>\u00b7 Regionalismo sensato es luchar s\u00f3lo por lo nuestro. Creemos que nuestra comunidad se ve relegada al \u00faltimo lugar por la prevalencia de partidos nacionales cuyos intereses electoralistas dotan de muchos m\u00e1s recursos econ\u00f3micos y legales a los nacionalismos que buscan romper Espa\u00f1a, que a la comunidad aut\u00f3noma menos desarrollada econ\u00f3mica y socialmente de Espa\u00f1a.<\/p>\n\n\n\n<p>\u00b7 Regionalismo sensato es apostar por pol\u00edticas de corte liberal progresista como la mejor palanca para el desarrollo de los derechos sociales. Confiar en todos y cada uno de los habitantes de nuestra regi\u00f3n como actores fundamentales del cambio. Tras 40 a\u00f1os de gobierno socialista, creemos que el modelo de gobierno paternalista, priorizando la dependencia del sector p\u00fablico, ha demostrado ser completamente ineficaz para el desarrollo de nuestra comunidad.<\/p>\n\n\n\n<p>\u00b7 Regionalismo sensato es saber que hay campo para todos; para el desarrollo ganadero, agr\u00edcola, para cineg\u00e9tica y tambi\u00e9n para el conservacionismo. Separarlo de pol\u00edticas sectarias que demonicen al ser humano o, por el contrario, nieguen la importancia del medioambiente.<\/p>\n\n\n\n<p>\u00b7 Regionalismo sensato es creer en las familias sin etiquetas como el verdadero motor del desarrollo, promoviendo la natalidad, la conciliaci\u00f3n y la retenci\u00f3n de la juventud gracias a una oferta cultural y de empleo rica y diversa. Con un sistema educativo universal que respete la libertad de elecci\u00f3n y garantice la funci\u00f3n de ascensor social que debe tener. Debemos de ir m\u00e1s all\u00e1 del \u201cquiero ser funcionario\u201d.<\/p>\n\n\n\n<p>\u00b7 Regionalismo sensato es promover un modelo de sanidad que garantice una atenci\u00f3n digna, de cercan\u00eda y completa para todos los extreme\u00f1os y extreme\u00f1as, mediante una combinaci\u00f3n adecuada de recursos p\u00fablicos y privados tanto en atenci\u00f3n primaria, como en atenci\u00f3n hospitalaria.<\/p>\n\n\n\n<p>\u00b7 Regionalismo sensato es el que habla de personas sin apellidos. Erradicar la polarizaci\u00f3n basada en la confrontaci\u00f3n de etiquetas. Aqu\u00ed somos habitantes de una comunidad aut\u00f3noma que tiene suficiente con luchar contra el desprecio pasado y presente a nuestra autonom\u00eda.<\/p>\n\n\n\n<p>\u00b7 Regionalismo sensato es el que entiende la pol\u00edtica local como una realidad independiente, no como una herramienta electoral para copar cuotas de poder en niveles superiores de gobierno. Apostar por candidaturas de ciudadanos con vocaci\u00f3n por el cambio en la cercan\u00eda y no por la b\u00fasqueda de un sill\u00f3n.<\/p>\n\n\n\n<p>\u00b7 Regionalismo sensato es el que busca atraer a personas de cualquier lugar del mundo, que busquen un espacio donde trabajar y crear familias bajo los principios de nuestro sistema legal y favoreciendo la integraci\u00f3n y mezcolanza cultural donde el respeto a tradiciones y culturas se d\u00e9 en las dos direcciones. \u201c<\/p>\n\n\n\n<p>En Juntos por Extremadura aseguran querer luchar por representar a las personas \u201ccon sentido com\u00fan, con ganas de ser protagonistas de un cambio real en su d\u00eda a d\u00eda, que conf\u00eden en el vecino y sepan exigir las responsabilidades que todos y cada uno tenemos para con los dem\u00e1s\u201d.<\/p>\n\n\n\n<p>En definitiva, \u201cuna Extremadura libre de dependencias de los nacionalismos excluyentes e ideolog\u00edas extremas. Una Extremadura que solo deba rendir cuentas a sus habitantes y no a presidentes o secretarios generales que s\u00f3lo pasan por aqu\u00ed una vez cada cuatro a\u00f1os. Una Extremadura capaz de pelear por lo suyo en igualdad de condiciones a los nacionalismos. Una Extremadura que no tolere ni un segundo m\u00e1s ser la cola de Espa\u00f1a y que a nadie le importe lo m\u00e1s m\u00ednimo\u201d.<\/p>\n","protected":false},"excerpt":{"rendered":"<p>Tras la realizaci\u00f3n del primer congreso federal, desde juntos por Extremadura trasladan a la sociedad extreme\u00f1a sus conclusiones generales y se posicionan como la opci\u00f3n del \u201cREGIONALISMO SENSATO\u00bb, independiente de los intereses de partidos nacionales y volcado con el desarrollo de la sociedad civil extreme\u00f1a mediante el empleo, la familia y la lucha contra la [&hellip;]<\/p>\n","protected":false},"author":2,"featured_media":0,"comment_status":"closed","ping_status":"open","sticky":false,"template":"","format":"standard","meta":{"footnotes":""},"categories":[1],"tags":[],"class_list":["post-97","post","type-post","status-publish","format-standard","hentry","category-sin-categoria"],"_links":{"self":[{"href":"https:\/\/www.juntosporextremadura.es\/blog\/wp-json\/wp\/v2\/posts\/97","targetHints":{"allow":["GET"]}}],"collection":[{"href":"https:\/\/www.juntosporextremadura.es\/blog\/wp-json\/wp\/v2\/posts"}],"about":[{"href":"https:\/\/www.juntosporextremadura.es\/blog\/wp-json\/wp\/v2\/types\/post"}],"author":[{"embeddable":true,"href":"https:\/\/www.juntosporextremadura.es\/blog\/wp-json\/wp\/v2\/users\/2"}],"replies":[{"embeddable":true,"href":"https:\/\/www.juntosporextremadura.es\/blog\/wp-json\/wp\/v2\/comments?post=97"}],"version-history":[{"count":1,"href":"https:\/\/www.juntosporextremadura.es\/blog\/wp-json\/wp\/v2\/posts\/97\/revisions"}],"predecessor-version":[{"id":99,"href":"https:\/\/www.juntosporextremadura.es\/blog\/wp-json\/wp\/v2\/posts\/97\/revisions\/99"}],"wp:attachment":[{"href":"https:\/\/www.juntosporextremadura.es\/blog\/wp-json\/wp\/v2\/media?parent=97"}],"wp:term":[{"taxonomy":"category","embeddable":true,"href":"https:\/\/www.juntosporextremadura.es\/blog\/wp-json\/wp\/v2\/categories?post=97"},{"taxonomy":"post_tag","embeddable":true,"href":"https:\/\/www.juntosporextremadura.es\/blog\/wp-json\/wp\/v2\/tags?post=97"}],"curies":[{"name":"wp","href":"https:\/\/api.w.org\/{rel}","templated":true}]}}