{"id":94,"date":"2022-06-22T20:30:07","date_gmt":"2022-06-22T18:30:07","guid":{"rendered":"https:\/\/www.juntosporextremadura.es\/blog\/?p=94"},"modified":"2022-06-22T20:30:08","modified_gmt":"2022-06-22T18:30:08","slug":"juntos-x-extremadura-el-tren-plasencia-badajoz-es-una-mentira-mas-del-psoe","status":"publish","type":"post","link":"https:\/\/www.juntosporextremadura.es\/blog\/juntos-x-extremadura-el-tren-plasencia-badajoz-es-una-mentira-mas-del-psoe\/","title":{"rendered":"Juntos X Extremadura: \u201cEl tren Plasencia\/Badajoz es una mentira m\u00e1s del PSOE\u201d"},"content":{"rendered":"\n<figure class=\"wp-block-image size-large is-resized\"><img loading=\"lazy\" decoding=\"async\" src=\"https:\/\/www.juntosporextremadura.es\/blog\/wp-content\/uploads\/2022\/06\/furgo-1.1-1-1024x670.jpg\" alt=\"\" class=\"wp-image-95\" width=\"289\" height=\"188\" srcset=\"https:\/\/www.juntosporextremadura.es\/blog\/wp-content\/uploads\/2022\/06\/furgo-1.1-1-1024x670.jpg 1024w, https:\/\/www.juntosporextremadura.es\/blog\/wp-content\/uploads\/2022\/06\/furgo-1.1-1-300x196.jpg 300w, https:\/\/www.juntosporextremadura.es\/blog\/wp-content\/uploads\/2022\/06\/furgo-1.1-1-768x502.jpg 768w, https:\/\/www.juntosporextremadura.es\/blog\/wp-content\/uploads\/2022\/06\/furgo-1.1-1-1536x1004.jpg 1536w, https:\/\/www.juntosporextremadura.es\/blog\/wp-content\/uploads\/2022\/06\/furgo-1.1-1.jpg 1820w\" sizes=\"auto, (max-width: 289px) 100vw, 289px\" \/><\/figure>\n\n\n\n<p>Ma\u00f1ana jueves, 23 de junio a las 9:45 de la ma\u00f1ana, y coincidiendo con la salida del tren Alvia S-730, Juntos X Extremadura (JUEX) partir\u00e1 desde la estaci\u00f3n de tren de Plasencia hasta Badajoz con su furgoneta corporativa.<\/p>\n\n\n\n<p>Con este viaje desde JUEX quieren demostrar que \u201clo que nos est\u00e1n vendiendo como pago de una deuda hist\u00f3rica, no es m\u00e1s que una campa\u00f1a publicitaria de un gobierno del PSOE lleno de promesas y carente de resultados\u201d.<\/p>\n\n\n\n<p>Consideran que decir que ya ha llegado el AVE a Extremadura es un mensaje \u201clleno de malas intenciones, donde no se cuenta la realidad de un tren que no nos merecemos y que para nada es la alta velocidad que tantos a\u00f1os nos llevan prometiendo y que desde luego merecemos igual que el resto de espa\u00f1oles\u201d.<\/p>\n\n\n\n<p>El viaje comenzar\u00e1 a las 9:45 desde el parking de la estaci\u00f3n de tren de Plasencia y llegar\u00e1n a la estaci\u00f3n de tren de Badajoz, aproximadamente, 45 minutos antes de que lo haga el tren donde ir\u00e1n montadas todas las autoridades incluida la se\u00f1ora ministra Raquel S\u00e1nchez.<\/p>\n\n\n\n<p>Ante tal desprop\u00f3sito, desde Juntos X Extremadura quieren transmitir su firme compromiso con Extremadura, \u201cdefenderemos los intereses de todos los extreme\u00f1os y denunciaremos cualquier injusticia que lleve a nuestra tierra a un lugar distinto al que le corresponde\u201d.<\/p>\n\n\n\n<p>\u201cQueremos los mismos derechos que los dem\u00e1s pues las mismas obligaciones tenemos. Queremos que la deuda hist\u00f3rica con Extremadura comience a pagarse. Queremos pedir por lo nuestro\u201d, concluyen.<\/p>\n","protected":false},"excerpt":{"rendered":"<p>Ma\u00f1ana jueves, 23 de junio a las 9:45 de la ma\u00f1ana, y coincidiendo con la salida del tren Alvia S-730, Juntos X Extremadura (JUEX) partir\u00e1 desde la estaci\u00f3n de tren de Plasencia hasta Badajoz con su furgoneta corporativa. Con este viaje desde JUEX quieren demostrar que \u201clo que nos est\u00e1n vendiendo como pago de una [&hellip;]<\/p>\n","protected":false},"author":2,"featured_media":0,"comment_status":"closed","ping_status":"open","sticky":false,"template":"","format":"standard","meta":{"footnotes":""},"categories":[1],"tags":[],"class_list":["post-94","post","type-post","status-publish","format-standard","hentry","category-sin-categoria"],"_links":{"self":[{"href":"https:\/\/www.juntosporextremadura.es\/blog\/wp-json\/wp\/v2\/posts\/94","targetHints":{"allow":["GET"]}}],"collection":[{"href":"https:\/\/www.juntosporextremadura.es\/blog\/wp-json\/wp\/v2\/posts"}],"about":[{"href":"https:\/\/www.juntosporextremadura.es\/blog\/wp-json\/wp\/v2\/types\/post"}],"author":[{"embeddable":true,"href":"https:\/\/www.juntosporextremadura.es\/blog\/wp-json\/wp\/v2\/users\/2"}],"replies":[{"embeddable":true,"href":"https:\/\/www.juntosporextremadura.es\/blog\/wp-json\/wp\/v2\/comments?post=94"}],"version-history":[{"count":1,"href":"https:\/\/www.juntosporextremadura.es\/blog\/wp-json\/wp\/v2\/posts\/94\/revisions"}],"predecessor-version":[{"id":96,"href":"https:\/\/www.juntosporextremadura.es\/blog\/wp-json\/wp\/v2\/posts\/94\/revisions\/96"}],"wp:attachment":[{"href":"https:\/\/www.juntosporextremadura.es\/blog\/wp-json\/wp\/v2\/media?parent=94"}],"wp:term":[{"taxonomy":"category","embeddable":true,"href":"https:\/\/www.juntosporextremadura.es\/blog\/wp-json\/wp\/v2\/categories?post=94"},{"taxonomy":"post_tag","embeddable":true,"href":"https:\/\/www.juntosporextremadura.es\/blog\/wp-json\/wp\/v2\/tags?post=94"}],"curies":[{"name":"wp","href":"https:\/\/api.w.org\/{rel}","templated":true}]}}