{"id":86,"date":"2022-06-08T08:31:26","date_gmt":"2022-06-08T06:31:26","guid":{"rendered":"https:\/\/www.juntosporextremadura.es\/blog\/?p=86"},"modified":"2022-06-08T08:31:27","modified_gmt":"2022-06-08T06:31:27","slug":"juntos-x-extremadura-celebrara-su-i-congreso-federal","status":"publish","type":"post","link":"https:\/\/www.juntosporextremadura.es\/blog\/juntos-x-extremadura-celebrara-su-i-congreso-federal\/","title":{"rendered":"Juntos X Extremadura celebrar\u00e1 su I Congreso Federal."},"content":{"rendered":"\n<figure class=\"wp-block-image size-full is-resized\"><img loading=\"lazy\" decoding=\"async\" src=\"https:\/\/www.juntosporextremadura.es\/blog\/wp-content\/uploads\/2022\/06\/LOGO-1.jpg\" alt=\"\" class=\"wp-image-88\" width=\"263\" height=\"270\" srcset=\"https:\/\/www.juntosporextremadura.es\/blog\/wp-content\/uploads\/2022\/06\/LOGO-1.jpg 740w, https:\/\/www.juntosporextremadura.es\/blog\/wp-content\/uploads\/2022\/06\/LOGO-1-292x300.jpg 292w\" sizes=\"auto, (max-width: 263px) 100vw, 263px\" \/><\/figure>\n\n\n\n<p>Juntos X Extremadura celebrar\u00e1 su I Congreso&nbsp;Federal &nbsp;el pr\u00f3ximo 26 de &nbsp;Junio&nbsp;en la capital Cacere\u00f1a. El comit\u00e9 ejecutivo&nbsp;federal de JUEX, se reuni\u00f3 &nbsp;para convocar su I Congreso Federal de cara a sentar unas bases alrededor de un regionalismo sensato, renovar sus \u00f3rganos y plantear la estrategia pol\u00edtica de cara a&nbsp;las&nbsp;elecciones municipales y auton\u00f3micas del pr\u00f3ximo a\u00f1o.<\/p>\n\n\n\n<p>En este I Congreso Federal, se debatir\u00e1n diferentes puntos de inter\u00e9s, &nbsp;entre otros: la elaboraci\u00f3n de la estrategia a seguir de cara a las pr\u00f3ximas elecciones en Extremadura. Desde Juntos X Extremadura somos conocedores de la dificultad que tiene abordar por primera vez unas elecciones, entendemos que las distancias en nuestra regi\u00f3n son grandes e intentaremos paliar esas dificultades con la ilusi\u00f3n y la fuerza que todos los integrantes de JUEX tienen depositada en este proyecto. &nbsp;<\/p>\n\n\n\n<p>Se ha hablado mucho de Juntos X Extremadura como un partido Regionalista sin una ideolog\u00eda clara. En este sentido, una vez finalizado el congreso, vamos a hacer un comunicado donde definiremos nuestra postura ideol\u00f3gica de forma clara y concisa, sin medias tintas y siempre alrededor de un regionalismos puro, sensato y por el bien de Extremadura y toda su gente.<\/p>\n","protected":false},"excerpt":{"rendered":"<p>Juntos X Extremadura celebrar\u00e1 su I Congreso&nbsp;Federal &nbsp;el pr\u00f3ximo 26 de &nbsp;Junio&nbsp;en la capital Cacere\u00f1a. El comit\u00e9 ejecutivo&nbsp;federal de JUEX, se reuni\u00f3 &nbsp;para convocar su I Congreso Federal de cara a sentar unas bases alrededor de un regionalismo sensato, renovar sus \u00f3rganos y plantear la estrategia pol\u00edtica de cara a&nbsp;las&nbsp;elecciones municipales y auton\u00f3micas del pr\u00f3ximo [&hellip;]<\/p>\n","protected":false},"author":2,"featured_media":0,"comment_status":"closed","ping_status":"open","sticky":false,"template":"","format":"standard","meta":{"footnotes":""},"categories":[1],"tags":[],"class_list":["post-86","post","type-post","status-publish","format-standard","hentry","category-sin-categoria"],"_links":{"self":[{"href":"https:\/\/www.juntosporextremadura.es\/blog\/wp-json\/wp\/v2\/posts\/86","targetHints":{"allow":["GET"]}}],"collection":[{"href":"https:\/\/www.juntosporextremadura.es\/blog\/wp-json\/wp\/v2\/posts"}],"about":[{"href":"https:\/\/www.juntosporextremadura.es\/blog\/wp-json\/wp\/v2\/types\/post"}],"author":[{"embeddable":true,"href":"https:\/\/www.juntosporextremadura.es\/blog\/wp-json\/wp\/v2\/users\/2"}],"replies":[{"embeddable":true,"href":"https:\/\/www.juntosporextremadura.es\/blog\/wp-json\/wp\/v2\/comments?post=86"}],"version-history":[{"count":2,"href":"https:\/\/www.juntosporextremadura.es\/blog\/wp-json\/wp\/v2\/posts\/86\/revisions"}],"predecessor-version":[{"id":90,"href":"https:\/\/www.juntosporextremadura.es\/blog\/wp-json\/wp\/v2\/posts\/86\/revisions\/90"}],"wp:attachment":[{"href":"https:\/\/www.juntosporextremadura.es\/blog\/wp-json\/wp\/v2\/media?parent=86"}],"wp:term":[{"taxonomy":"category","embeddable":true,"href":"https:\/\/www.juntosporextremadura.es\/blog\/wp-json\/wp\/v2\/categories?post=86"},{"taxonomy":"post_tag","embeddable":true,"href":"https:\/\/www.juntosporextremadura.es\/blog\/wp-json\/wp\/v2\/tags?post=86"}],"curies":[{"name":"wp","href":"https:\/\/api.w.org\/{rel}","templated":true}]}}