{"id":82,"date":"2022-05-23T21:51:13","date_gmt":"2022-05-23T19:51:13","guid":{"rendered":"https:\/\/www.juntosporextremadura.es\/blog\/?p=82"},"modified":"2022-05-23T21:51:13","modified_gmt":"2022-05-23T19:51:13","slug":"villarta-de-los-montes-tambien-existe-%ef%bf%bc","status":"publish","type":"post","link":"https:\/\/www.juntosporextremadura.es\/blog\/villarta-de-los-montes-tambien-existe-%ef%bf%bc\/","title":{"rendered":"Villarta de los Montes tambi\u00e9n existe.\ufffc"},"content":{"rendered":"\n<figure class=\"wp-block-image size-large is-resized\"><img loading=\"lazy\" decoding=\"async\" src=\"https:\/\/www.juntosporextremadura.es\/blog\/wp-content\/uploads\/2022\/05\/villarta-d-1-1024x501.png\" alt=\"\" class=\"wp-image-84\" width=\"458\" height=\"223\" srcset=\"https:\/\/www.juntosporextremadura.es\/blog\/wp-content\/uploads\/2022\/05\/villarta-d-1-1024x501.png 1024w, https:\/\/www.juntosporextremadura.es\/blog\/wp-content\/uploads\/2022\/05\/villarta-d-1-300x147.png 300w, https:\/\/www.juntosporextremadura.es\/blog\/wp-content\/uploads\/2022\/05\/villarta-d-1-768x376.png 768w, https:\/\/www.juntosporextremadura.es\/blog\/wp-content\/uploads\/2022\/05\/villarta-d-1.png 1110w\" sizes=\"auto, (max-width: 458px) 100vw, 458px\" \/><\/figure>\n\n\n\n<p>Juntos X Extremadura, denuncia el abandono que sufren los vecinos de Villarta de los Montes por parte &nbsp;de la Junta de Extremadura y en concreto de la consejer\u00eda de medio ambiente al querer retirar el reten de incendios y los 8 bomberos que lo integran.<\/p>\n\n\n\n<p>Seg\u00fan ha podido saber esta formaci\u00f3n pol\u00edtica, la consejera, Bego\u00f1a Garc\u00eda Bernal, &nbsp;habr\u00eda decidido retirar los 8 bomberos y el ret\u00e9n de incendios de Villarta de los Montes, exponiendo como raz\u00f3n el bajo n\u00famero de incendios.<\/p>\n\n\n\n<p>El motivo por al cual este n\u00famero es tan bajo o inexistente, se debe exclusivamente a las labores de mantenimiento que &nbsp;realizan de forma excepcional estos 8 bomberos del reten de Villarta de los Montes durante los meses de invierno. Con esta decisi\u00f3n dejar\u00e1n de hacerse las labores de mantenimiento y por lo tanto el riesgo de incendio se convertir\u00e1 en un problema desde el mismo momento que retire dicho ret\u00e9n. La consecuencia de esta decisi\u00f3n ser\u00e1: la carencia de labores de mantenimiento que ahora se realizan con gran criterio y excelentes resultados y el &nbsp;incremento en los &nbsp;tiempos de actuaci\u00f3n frente a los incendios con el consiguiente da\u00f1o irreparable que causar\u00eda.<\/p>\n\n\n\n<p>A este da\u00f1o medio ambiental, que crear\u00eda la propia consejer\u00eda de medio ambiente, hay que a\u00f1adir el da\u00f1o econ\u00f3mico y social que sufrir\u00eda Villarta de los Montes, al perder una parte de la poblaci\u00f3n esencial, joven y que aportan vida a una poblaci\u00f3n de algo mas de 400 habitantes. Juntos X Extremadura, no entiende como puede ser que &nbsp;la propia consejer\u00eda y su \u00e1rea de desarrollo rural, mire para otro lado en lugar de mirar por los intereses de Extremadura y de las zonas mas desfavorecidas.<\/p>\n\n\n\n<p>JUEX quiere denunciar el maltrato que sufren los vecinos de Villarta de los Montes que con los mismo deberes que el resto de los Espa\u00f1oles, tienen muchos menos derechos. Ya es conocida la exclusi\u00f3n digital que sufren los peque\u00f1os pueblos de Extremadura, pues Villarta de los Montes a ojos de la Junta de Extremadura no iba a ser menos; se cerr\u00f3 la \u00fanica oficina bancaria que exist\u00eda, no tienen una tienda donde poder comprar alimentos b\u00e1sicos, tienen que hacer un trayecto de 80 km hasta Herrera del Duque para cualquier tipo de acciones b\u00e1sicas, ya les anunciaron que el m\u00e9dico solo pasar\u00eda algunos d\u00edas en semana y ahora quieren quitar el ret\u00e9n de incendios dejando 8 viviendas vac\u00edas y un pueblo Extreme\u00f1o a\u00fan mas abandonado. &nbsp;<\/p>\n\n\n\n<p>No hace muchos d\u00edas vimos en las redes sociales y en prensa a Carmen Vinagre meg\u00e1fono en mano denunciando esta situaci\u00f3n. El coraje y el desamparo de estos vecinos es tan grande, que la desesperaci\u00f3n les hizo crear una plataforma y denunciar meg\u00e1fono en mano lo que la propia Junta de Extremadura les pidi\u00f3 que no hicieran, con el \u00fanico fin de tapar que la opini\u00f3n p\u00fablica supiera de este hecho.<\/p>\n\n\n\n<p>Juntos X Extremadura pide una soluci\u00f3n para los vecinos de Villarta de los Montes, &nbsp;se une a esta protesta, recalca que ser\u00e1 voz de todas las injusticias que Extremadura sufra y adem\u00e1s quiere denunciar el hecho de ser la propia Junta de Extremadura quien con sus decisiones y pol\u00edtica improvisada, detona la &nbsp;despoblaci\u00f3n y el aislamiento de los Extreme\u00f1os.<\/p>\n\n\n\n<p><\/p>\n","protected":false},"excerpt":{"rendered":"<p>Juntos X Extremadura, denuncia el abandono que sufren los vecinos de Villarta de los Montes por parte &nbsp;de la Junta de Extremadura y en concreto de la consejer\u00eda de medio ambiente al querer retirar el reten de incendios y los 8 bomberos que lo integran. Seg\u00fan ha podido saber esta formaci\u00f3n pol\u00edtica, la consejera, Bego\u00f1a [&hellip;]<\/p>\n","protected":false},"author":2,"featured_media":0,"comment_status":"closed","ping_status":"open","sticky":false,"template":"","format":"standard","meta":{"footnotes":""},"categories":[1],"tags":[],"class_list":["post-82","post","type-post","status-publish","format-standard","hentry","category-sin-categoria"],"_links":{"self":[{"href":"https:\/\/www.juntosporextremadura.es\/blog\/wp-json\/wp\/v2\/posts\/82","targetHints":{"allow":["GET"]}}],"collection":[{"href":"https:\/\/www.juntosporextremadura.es\/blog\/wp-json\/wp\/v2\/posts"}],"about":[{"href":"https:\/\/www.juntosporextremadura.es\/blog\/wp-json\/wp\/v2\/types\/post"}],"author":[{"embeddable":true,"href":"https:\/\/www.juntosporextremadura.es\/blog\/wp-json\/wp\/v2\/users\/2"}],"replies":[{"embeddable":true,"href":"https:\/\/www.juntosporextremadura.es\/blog\/wp-json\/wp\/v2\/comments?post=82"}],"version-history":[{"count":1,"href":"https:\/\/www.juntosporextremadura.es\/blog\/wp-json\/wp\/v2\/posts\/82\/revisions"}],"predecessor-version":[{"id":85,"href":"https:\/\/www.juntosporextremadura.es\/blog\/wp-json\/wp\/v2\/posts\/82\/revisions\/85"}],"wp:attachment":[{"href":"https:\/\/www.juntosporextremadura.es\/blog\/wp-json\/wp\/v2\/media?parent=82"}],"wp:term":[{"taxonomy":"category","embeddable":true,"href":"https:\/\/www.juntosporextremadura.es\/blog\/wp-json\/wp\/v2\/categories?post=82"},{"taxonomy":"post_tag","embeddable":true,"href":"https:\/\/www.juntosporextremadura.es\/blog\/wp-json\/wp\/v2\/tags?post=82"}],"curies":[{"name":"wp","href":"https:\/\/api.w.org\/{rel}","templated":true}]}}