{"id":64,"date":"2022-05-11T23:31:38","date_gmt":"2022-05-11T21:31:38","guid":{"rendered":"https:\/\/www.juntosporextremadura.es\/blog\/?p=64"},"modified":"2022-05-11T23:47:16","modified_gmt":"2022-05-11T21:47:16","slug":"juntos-x-extremadura-explica-su-decision-y-su-postura","status":"publish","type":"post","link":"https:\/\/www.juntosporextremadura.es\/blog\/juntos-x-extremadura-explica-su-decision-y-su-postura\/","title":{"rendered":"Juntos X Extremadura explica su decisi\u00f3n y su postura."},"content":{"rendered":"\n<p>Juntos X Extremadura quiere aclarar a todos los Extreme\u00f1os\/as, que nuestro \u00fanico fin, es y ser\u00e1: el &nbsp;defender los intereses de Extremadura &nbsp;y que nunca venderemos nuestra tierra por intereses partidistas.<\/p>\n\n\n\n<figure class=\"wp-block-image size-full is-resized\"><img loading=\"lazy\" decoding=\"async\" src=\"https:\/\/www.juntosporextremadura.es\/blog\/wp-content\/uploads\/2022\/05\/extremadura-logo.jpg\" alt=\"\" class=\"wp-image-67\" width=\"217\" height=\"121\" srcset=\"https:\/\/www.juntosporextremadura.es\/blog\/wp-content\/uploads\/2022\/05\/extremadura-logo.jpg 880w, https:\/\/www.juntosporextremadura.es\/blog\/wp-content\/uploads\/2022\/05\/extremadura-logo-300x169.jpg 300w, https:\/\/www.juntosporextremadura.es\/blog\/wp-content\/uploads\/2022\/05\/extremadura-logo-768x432.jpg 768w\" sizes=\"auto, (max-width: 217px) 100vw, 217px\" \/><\/figure>\n\n\n\n<p>Nuestro fin es presentarnos a las pr\u00f3ximas elecciones a la asamblea de Extremadura y posteriormente al congreso, queremos ganarnos la confianza de los Extreme\u00f1os\/as y eso no se logra buscando sillones a toda costa y mucho menos anteponiendo intereses personales a los de Extremadura.<\/p>\n\n\n\n<p>Estos motivos, &nbsp;han hecho que tomemos la decisi\u00f3n de continuar con un proyecto de CENTRO, Regionalista, verdadero e independiente de intereses banales. Queremos denunciar a: oportunistas de la pol\u00edtica y &nbsp;falsas coaliciones procedentes de Madrid que ya han recalado en otras regiones y que pretenden utilizar la palabra Regionalista en pro de sus intereses y en detrimento de los de Extremadura. No vamos a permitir que nos enga\u00f1en mas.<\/p>\n\n\n\n<p>Desde Juntos X Extremadura seguiremos denunciando las injusticias que se comentan con el pueblo Extreme\u00f1o independientemente de quien gobierne, si logramos ser llave para la investidura del presidente de la Junta de Extremadura en las pr\u00f3ximas elecciones, ese presidente tendr\u00e1 que cumplir con nuestro programa electoral dise\u00f1ado para el progreso de Extremadura. Solo podremos lograrlo con la confianza de los Extreme\u00f1os\/as y es por ese motivo, que seguiremos luchando por un Regionalismos puro, sin mentiras, sin enga\u00f1os y pidiendo por \u201cLo Nuestro\u201d al igual que otros partidos pidieron por su tierra y lograron su desarrollo.<\/p>\n\n\n\n<figure class=\"wp-block-image size-full is-resized\"><img loading=\"lazy\" decoding=\"async\" src=\"https:\/\/www.juntosporextremadura.es\/blog\/wp-content\/uploads\/2022\/05\/Donde-estamos.-1.jpg\" alt=\"\" class=\"wp-image-66\" width=\"347\" height=\"230\" srcset=\"https:\/\/www.juntosporextremadura.es\/blog\/wp-content\/uploads\/2022\/05\/Donde-estamos.-1.jpg 1019w, https:\/\/www.juntosporextremadura.es\/blog\/wp-content\/uploads\/2022\/05\/Donde-estamos.-1-300x200.jpg 300w, https:\/\/www.juntosporextremadura.es\/blog\/wp-content\/uploads\/2022\/05\/Donde-estamos.-1-768x512.jpg 768w\" sizes=\"auto, (max-width: 347px) 100vw, 347px\" \/><\/figure>\n\n\n\n<p><\/p>\n","protected":false},"excerpt":{"rendered":"<p>Juntos X Extremadura quiere aclarar a todos los Extreme\u00f1os\/as, que nuestro \u00fanico fin, es y ser\u00e1: el &nbsp;defender los intereses de Extremadura &nbsp;y que nunca venderemos nuestra tierra por intereses partidistas. Nuestro fin es presentarnos a las pr\u00f3ximas elecciones a la asamblea de Extremadura y posteriormente al congreso, queremos ganarnos la confianza de los Extreme\u00f1os\/as [&hellip;]<\/p>\n","protected":false},"author":2,"featured_media":0,"comment_status":"closed","ping_status":"open","sticky":false,"template":"","format":"standard","meta":{"footnotes":""},"categories":[1],"tags":[],"class_list":["post-64","post","type-post","status-publish","format-standard","hentry","category-sin-categoria"],"_links":{"self":[{"href":"https:\/\/www.juntosporextremadura.es\/blog\/wp-json\/wp\/v2\/posts\/64","targetHints":{"allow":["GET"]}}],"collection":[{"href":"https:\/\/www.juntosporextremadura.es\/blog\/wp-json\/wp\/v2\/posts"}],"about":[{"href":"https:\/\/www.juntosporextremadura.es\/blog\/wp-json\/wp\/v2\/types\/post"}],"author":[{"embeddable":true,"href":"https:\/\/www.juntosporextremadura.es\/blog\/wp-json\/wp\/v2\/users\/2"}],"replies":[{"embeddable":true,"href":"https:\/\/www.juntosporextremadura.es\/blog\/wp-json\/wp\/v2\/comments?post=64"}],"version-history":[{"count":2,"href":"https:\/\/www.juntosporextremadura.es\/blog\/wp-json\/wp\/v2\/posts\/64\/revisions"}],"predecessor-version":[{"id":69,"href":"https:\/\/www.juntosporextremadura.es\/blog\/wp-json\/wp\/v2\/posts\/64\/revisions\/69"}],"wp:attachment":[{"href":"https:\/\/www.juntosporextremadura.es\/blog\/wp-json\/wp\/v2\/media?parent=64"}],"wp:term":[{"taxonomy":"category","embeddable":true,"href":"https:\/\/www.juntosporextremadura.es\/blog\/wp-json\/wp\/v2\/categories?post=64"},{"taxonomy":"post_tag","embeddable":true,"href":"https:\/\/www.juntosporextremadura.es\/blog\/wp-json\/wp\/v2\/tags?post=64"}],"curies":[{"name":"wp","href":"https:\/\/api.w.org\/{rel}","templated":true}]}}