{"id":60,"date":"2022-05-04T18:42:14","date_gmt":"2022-05-04T16:42:14","guid":{"rendered":"https:\/\/www.juntosporextremadura.es\/blog\/?p=60"},"modified":"2022-05-04T18:42:14","modified_gmt":"2022-05-04T16:42:14","slug":"juntos-x-extremadura-apuesta-por-extremadura","status":"publish","type":"post","link":"https:\/\/www.juntosporextremadura.es\/blog\/juntos-x-extremadura-apuesta-por-extremadura\/","title":{"rendered":"Juntos X Extremadura apuesta por Extremadura."},"content":{"rendered":"\n<figure class=\"wp-block-image size-large is-resized\"><img loading=\"lazy\" decoding=\"async\" src=\"https:\/\/www.juntosporextremadura.es\/blog\/wp-content\/uploads\/2022\/05\/foto-despacho-856x1024.jpg\" alt=\"\" class=\"wp-image-61\" width=\"182\" height=\"217\" srcset=\"https:\/\/www.juntosporextremadura.es\/blog\/wp-content\/uploads\/2022\/05\/foto-despacho-856x1024.jpg 856w, https:\/\/www.juntosporextremadura.es\/blog\/wp-content\/uploads\/2022\/05\/foto-despacho-251x300.jpg 251w, https:\/\/www.juntosporextremadura.es\/blog\/wp-content\/uploads\/2022\/05\/foto-despacho-768x918.jpg 768w, https:\/\/www.juntosporextremadura.es\/blog\/wp-content\/uploads\/2022\/05\/foto-despacho-1284x1536.jpg 1284w, https:\/\/www.juntosporextremadura.es\/blog\/wp-content\/uploads\/2022\/05\/foto-despacho-1713x2048.jpg 1713w\" sizes=\"auto, (max-width: 182px) 100vw, 182px\" \/><\/figure>\n\n\n\n<p>Juntos X Extremadura considera negativa la posibilidad de coalici\u00f3n. JUEX ha decidido volver a retomar su actividad pol\u00edtica despu\u00e9s de haber parado su trabajo por respeto a las otras formaciones pol\u00edticas, durante las reuniones mantenidas. Despu\u00e9s de realizar una votaci\u00f3n entre todos sus afiliados, de forma un\u00e1nime el voto fue, \u201cNO\u201d. No a continuar en un proyecto que cuenta con acuerdos que tienen mas relaci\u00f3n con Madrid que con Extremadura. Varios partidos pol\u00edticos de \u00e1mbito nacional buscan con ah\u00ednco uno o varios partidos de corte local para alojarse en la regi\u00f3n y darles un car\u00e1cter regional a agrupaciones claramente implantadas en Madrid y que buscar\u00edan pol\u00edticas nacionales sujetas a disciplina de partido y nunca a los intereses de Extremadura. Disciplina de partido que ha sido y es el gran C\u00c1NCER de nuestra regi\u00f3n al no ser defendida ni tan si quiera por nuestros diputados en el congreso. La propia Irene de Miguel en recientes declaraciones destaca el hecho de unirse a Yolanda D\u00edaz que a su vez gui\u00f1a el ojo a \u00cd\u00f1igo Errej\u00f3n para unirse a Mas pa\u00eds, Irene de Miguel tiene ya acuerdos con un partido de \u00e1mbito regional, este partido ya vio en su d\u00eda con buenos ojos una coalici\u00f3n y nos hace pensar que pueda volver a ocurrir nuevamente solo que a mayor escala. Esto que parece un culebr\u00f3n, no es mas que una argucia para recalar en Extremadura a trav\u00e9s de partidos locales y restar la identidad de los mismo a cambio de prebendas varias, con la consecuci\u00f3n de la venta de Extremadura por partes a intereses partidistas y nunca a intereses de nuestra tierra. Juntos X Extremadura naci\u00f3 con el fin de defender los intereses de Extremadura, naci\u00f3 con un car\u00e1cter regional respetando la soberan\u00eda nacional, naci\u00f3 de la indignaci\u00f3n de un pueblo ninguneado durante mas de 40 a\u00f1os, naci\u00f3 para luchar por los derechos de TODOS los Extreme\u00f1os\/as y es por estos y otros motivos por lo que consideramos que para ser soluci\u00f3n y no parte del problema, no deb\u00edamos de perder nuestras identidad y por lo tanto no unirnos a proyectos que usan a Extremadura en beneficio propio. No queremos mas promesas pues si por ello fuera tendr\u00edamos desarrollo, comunicaciones, AVE y un sin fin de promesas incumplidas, queremos que se hagan las cosas, nos da igual quien las haga, siempre y cuando por fin en Extremadura, se hagan. Queremos seguir el ejemplo de otros partidos que han llegado al congreso y a gobiernos regionales y sin perder su identidad, piden por su tierra. Nosotros queremos pedir por la nuestra. Es el momento de pedir por \u201cLO NUESTRO\u201d.<\/p>\n\n\n\n<figure class=\"wp-block-image size-full\"><img loading=\"lazy\" decoding=\"async\" width=\"750\" height=\"400\" src=\"https:\/\/www.juntosporextremadura.es\/blog\/wp-content\/uploads\/2022\/01\/blogImgBase.jpg\" alt=\"\" class=\"wp-image-12\" srcset=\"https:\/\/www.juntosporextremadura.es\/blog\/wp-content\/uploads\/2022\/01\/blogImgBase.jpg 750w, https:\/\/www.juntosporextremadura.es\/blog\/wp-content\/uploads\/2022\/01\/blogImgBase-300x160.jpg 300w\" sizes=\"auto, (max-width: 750px) 100vw, 750px\" \/><\/figure>\n","protected":false},"excerpt":{"rendered":"<p>Juntos X Extremadura considera negativa la posibilidad de coalici\u00f3n. JUEX ha decidido volver a retomar su actividad pol\u00edtica despu\u00e9s de haber parado su trabajo por respeto a las otras formaciones pol\u00edticas, durante las reuniones mantenidas. Despu\u00e9s de realizar una votaci\u00f3n entre todos sus afiliados, de forma un\u00e1nime el voto fue, \u201cNO\u201d. No a continuar en [&hellip;]<\/p>\n","protected":false},"author":2,"featured_media":0,"comment_status":"closed","ping_status":"open","sticky":false,"template":"","format":"standard","meta":{"footnotes":""},"categories":[1],"tags":[],"class_list":["post-60","post","type-post","status-publish","format-standard","hentry","category-sin-categoria"],"_links":{"self":[{"href":"https:\/\/www.juntosporextremadura.es\/blog\/wp-json\/wp\/v2\/posts\/60","targetHints":{"allow":["GET"]}}],"collection":[{"href":"https:\/\/www.juntosporextremadura.es\/blog\/wp-json\/wp\/v2\/posts"}],"about":[{"href":"https:\/\/www.juntosporextremadura.es\/blog\/wp-json\/wp\/v2\/types\/post"}],"author":[{"embeddable":true,"href":"https:\/\/www.juntosporextremadura.es\/blog\/wp-json\/wp\/v2\/users\/2"}],"replies":[{"embeddable":true,"href":"https:\/\/www.juntosporextremadura.es\/blog\/wp-json\/wp\/v2\/comments?post=60"}],"version-history":[{"count":1,"href":"https:\/\/www.juntosporextremadura.es\/blog\/wp-json\/wp\/v2\/posts\/60\/revisions"}],"predecessor-version":[{"id":62,"href":"https:\/\/www.juntosporextremadura.es\/blog\/wp-json\/wp\/v2\/posts\/60\/revisions\/62"}],"wp:attachment":[{"href":"https:\/\/www.juntosporextremadura.es\/blog\/wp-json\/wp\/v2\/media?parent=60"}],"wp:term":[{"taxonomy":"category","embeddable":true,"href":"https:\/\/www.juntosporextremadura.es\/blog\/wp-json\/wp\/v2\/categories?post=60"},{"taxonomy":"post_tag","embeddable":true,"href":"https:\/\/www.juntosporextremadura.es\/blog\/wp-json\/wp\/v2\/tags?post=60"}],"curies":[{"name":"wp","href":"https:\/\/api.w.org\/{rel}","templated":true}]}}