{"id":41,"date":"2022-03-18T09:14:39","date_gmt":"2022-03-18T08:14:39","guid":{"rendered":"https:\/\/www.juntosporextremadura.es\/blog\/?p=41"},"modified":"2022-03-18T09:14:39","modified_gmt":"2022-03-18T08:14:39","slug":"el-barometro-del-cis-de-marzo-abre-la-puerta-al-regionalismo-extremeno","status":"publish","type":"post","link":"https:\/\/www.juntosporextremadura.es\/blog\/el-barometro-del-cis-de-marzo-abre-la-puerta-al-regionalismo-extremeno\/","title":{"rendered":"El bar\u00f3metro del CIS de Marzo abre la puerta al regionalismo Extreme\u00f1o."},"content":{"rendered":"\n<figure class=\"wp-block-gallery columns-1 is-cropped wp-block-gallery-1 is-layout-flex wp-block-gallery-is-layout-flex\"><ul class=\"blocks-gallery-grid\"><li class=\"blocks-gallery-item\"><figure><img loading=\"lazy\" decoding=\"async\" width=\"1024\" height=\"612\" src=\"https:\/\/www.juntosporextremadura.es\/blog\/wp-content\/uploads\/2022\/03\/CIS-MARZO-1-1024x612.jpg\" alt=\"\" data-id=\"43\" data-full-url=\"https:\/\/www.juntosporextremadura.es\/blog\/wp-content\/uploads\/2022\/03\/CIS-MARZO-1.jpg\" data-link=\"https:\/\/www.juntosporextremadura.es\/blog\/?attachment_id=43\" class=\"wp-image-43\" srcset=\"https:\/\/www.juntosporextremadura.es\/blog\/wp-content\/uploads\/2022\/03\/CIS-MARZO-1-1024x612.jpg 1024w, https:\/\/www.juntosporextremadura.es\/blog\/wp-content\/uploads\/2022\/03\/CIS-MARZO-1-300x179.jpg 300w, https:\/\/www.juntosporextremadura.es\/blog\/wp-content\/uploads\/2022\/03\/CIS-MARZO-1-768x459.jpg 768w, https:\/\/www.juntosporextremadura.es\/blog\/wp-content\/uploads\/2022\/03\/CIS-MARZO-1.jpg 1277w\" sizes=\"auto, (max-width: 1024px) 100vw, 1024px\" \/><\/figure><\/li><\/ul><\/figure>\n\n\n\n<p>Desde<strong><em><strong><em>&nbsp;<\/em><\/strong><\/em><\/strong>Juntos X Extremadura queremos destacar el espacio creado del 1.2% en el bar\u00f3metro publicado por el CIS hoy. Queda reflejado as\u00ed la presencia de partidos que al igual que &nbsp;Juntos X Extremadura concurrir\u00edan a las pr\u00f3ximas elecciones y tendr\u00edan su lugar en el hemiciclo para defender los intereses de su regi\u00f3n.<\/p>\n\n\n\n<p>Aunque Teruel fue el detonante, &nbsp;no fue el primero, son muchos los partidos que llevan defendiendo los intereses de su regi\u00f3n durante muchos a\u00f1os. Vascos, Catalanes, Valencianos, Gallegos, C\u00e1ntabros, Navarros, Canarios, Ceut\u00eds y Melillenses entre otros, llevan a\u00f1os defendiendo sus intereses, &nbsp;ahora, &nbsp;ocupando un lugar dentro de ese 1.2%, Juntos X Extremadura har\u00eda lo propio en el Congreso.<\/p>\n\n\n\n<p>Ese espacio ya representado en las estad\u00edsticas nos hace tener aun mas ilusi\u00f3n para trabajar y transmitir nuestro mensaje a los Extreme\u00f1@s, esperamos se contagien de este entusiasmo y as\u00ed poder dar voz a una regi\u00f3n claramente deprimida y abandonada a su suerte por nuestros gobernantes. El regionalismo esta haci\u00e9ndose un lugar en la sociedad Extreme\u00f1a, promovido por la indignaci\u00f3n del pueblo ante la situaci\u00f3n que atravesamos, la indignaci\u00f3n de los Castellanos Leoneses se reflej\u00f3 en las pasadas elecciones votando por lo suyo, este bar\u00f3metro dice claramente que hay un espacio claro para que Juntos X Extremadura pida por \u201cLO NUESTRO\u201d.<\/p>\n\n\n\n<p>Desde Juntos X Extremadura lo tenemos claro, la soluci\u00f3n para una regi\u00f3n como la Extreme\u00f1a &nbsp;sin desarrollo, sin comunicaciones, claramente deprimida y no solo despoblada sino tambi\u00e9n olvidada, pasa por estar en ese 1.2% al igual que est\u00e1n otros partidos. Solo estando ah\u00ed para pedir por lo nuestro podremos luchar para que no se beneficien otras regiones en detrimento de la nuestra.<\/p>\n","protected":false},"excerpt":{"rendered":"<p>Desde&nbsp;Juntos X Extremadura queremos destacar el espacio creado del 1.2% en el bar\u00f3metro publicado por el CIS hoy. Queda reflejado as\u00ed la presencia de partidos que al igual que &nbsp;Juntos X Extremadura concurrir\u00edan a las pr\u00f3ximas elecciones y tendr\u00edan su lugar en el hemiciclo para defender los intereses de su regi\u00f3n. Aunque Teruel fue el [&hellip;]<\/p>\n","protected":false},"author":2,"featured_media":0,"comment_status":"closed","ping_status":"open","sticky":false,"template":"","format":"standard","meta":{"footnotes":""},"categories":[1],"tags":[],"class_list":["post-41","post","type-post","status-publish","format-standard","hentry","category-sin-categoria"],"_links":{"self":[{"href":"https:\/\/www.juntosporextremadura.es\/blog\/wp-json\/wp\/v2\/posts\/41","targetHints":{"allow":["GET"]}}],"collection":[{"href":"https:\/\/www.juntosporextremadura.es\/blog\/wp-json\/wp\/v2\/posts"}],"about":[{"href":"https:\/\/www.juntosporextremadura.es\/blog\/wp-json\/wp\/v2\/types\/post"}],"author":[{"embeddable":true,"href":"https:\/\/www.juntosporextremadura.es\/blog\/wp-json\/wp\/v2\/users\/2"}],"replies":[{"embeddable":true,"href":"https:\/\/www.juntosporextremadura.es\/blog\/wp-json\/wp\/v2\/comments?post=41"}],"version-history":[{"count":1,"href":"https:\/\/www.juntosporextremadura.es\/blog\/wp-json\/wp\/v2\/posts\/41\/revisions"}],"predecessor-version":[{"id":44,"href":"https:\/\/www.juntosporextremadura.es\/blog\/wp-json\/wp\/v2\/posts\/41\/revisions\/44"}],"wp:attachment":[{"href":"https:\/\/www.juntosporextremadura.es\/blog\/wp-json\/wp\/v2\/media?parent=41"}],"wp:term":[{"taxonomy":"category","embeddable":true,"href":"https:\/\/www.juntosporextremadura.es\/blog\/wp-json\/wp\/v2\/categories?post=41"},{"taxonomy":"post_tag","embeddable":true,"href":"https:\/\/www.juntosporextremadura.es\/blog\/wp-json\/wp\/v2\/tags?post=41"}],"curies":[{"name":"wp","href":"https:\/\/api.w.org\/{rel}","templated":true}]}}