{"id":33,"date":"2022-02-21T15:58:19","date_gmt":"2022-02-21T14:58:19","guid":{"rendered":"https:\/\/www.juntosporextremadura.es\/blog\/?p=33"},"modified":"2022-02-21T15:58:20","modified_gmt":"2022-02-21T14:58:20","slug":"juntos-x-extremadura-llega-a-mas-de-1600-personas-en-caceres","status":"publish","type":"post","link":"https:\/\/www.juntosporextremadura.es\/blog\/juntos-x-extremadura-llega-a-mas-de-1600-personas-en-caceres\/","title":{"rendered":"Juntos X Extremadura llega a m\u00e1s de 1600 personas en C\u00e1ceres."},"content":{"rendered":"\n<p>El pasado  Domingo d\u00eda 20 de Febrero, en el paseo de C\u00e1novas, Juntos X Extremadura ha desarrollado una mesa informativa en la que se han repartido informaci\u00f3n a m\u00e1s de 1600 personas. <\/p>\n\n\n\n<p>Queremos dar las gracias a las personas que recibieron con agrado nuestra informaci\u00f3n y a los que se acercaron a nuestros stand. Agradecer sus muestras de cari\u00f1o, animo y de apoyo a un proyecto que algunos ya lo sienten suyo. <\/p>\n\n\n\n<p>Se han repartido flayers informativos donde explicamos nuestra intenci\u00f3n de dar voz a todos los Extreme\u00f1os y Extreme\u00f1as de una vez por todas, nuestro firme prop\u00f3sito de pedir \u201cLO NUESTRO\u201d igual que lo hacen otros partidos regionalistas como Cantabria, Canarios, Vascos, Catalanes, Teruel, Ceuta y Melilla y que han conseguido un desarrollo de sus regiones en detrimento de la nuestra. Hemos transmitido un mensaje claro. No queremos mas promesas, si hubieran sido ciertas tendr\u00edamos AVE, autov\u00edas, industria y un futuro. Nos da lo mismo quien lo haga, lo que queremos es que se haga. <\/p>\n\n\n\n<p>Juntos X Extremadura esta en la carretera y tenemos dise\u00f1ado la agenda para recorrer toda Extremadura. Esta acogida nos ha dado much\u00edsima fuerza y esperamos recoger todas las propuestas e ideas que nos hagan e informar a todos los Extreme\u00f1os y Extreme\u00f1as de nuestras intenciones y reivindicaciones. Gracias!<\/p>\n\n\n\n<figure class=\"wp-block-image size-full\"><img loading=\"lazy\" decoding=\"async\" width=\"640\" height=\"480\" src=\"https:\/\/www.juntosporextremadura.es\/blog\/wp-content\/uploads\/2022\/02\/Mesa-informativa-CC.jpg\" alt=\"\" class=\"wp-image-34\" srcset=\"https:\/\/www.juntosporextremadura.es\/blog\/wp-content\/uploads\/2022\/02\/Mesa-informativa-CC.jpg 640w, https:\/\/www.juntosporextremadura.es\/blog\/wp-content\/uploads\/2022\/02\/Mesa-informativa-CC-300x225.jpg 300w\" sizes=\"auto, (max-width: 640px) 100vw, 640px\" \/><\/figure>\n","protected":false},"excerpt":{"rendered":"<p>El pasado Domingo d\u00eda 20 de Febrero, en el paseo de C\u00e1novas, Juntos X Extremadura ha desarrollado una mesa informativa en la que se han repartido informaci\u00f3n a m\u00e1s de 1600 personas. Queremos dar las gracias a las personas que recibieron con agrado nuestra informaci\u00f3n y a los que se acercaron a nuestros stand. Agradecer [&hellip;]<\/p>\n","protected":false},"author":2,"featured_media":0,"comment_status":"closed","ping_status":"open","sticky":false,"template":"","format":"standard","meta":{"footnotes":""},"categories":[1],"tags":[],"class_list":["post-33","post","type-post","status-publish","format-standard","hentry","category-sin-categoria"],"_links":{"self":[{"href":"https:\/\/www.juntosporextremadura.es\/blog\/wp-json\/wp\/v2\/posts\/33","targetHints":{"allow":["GET"]}}],"collection":[{"href":"https:\/\/www.juntosporextremadura.es\/blog\/wp-json\/wp\/v2\/posts"}],"about":[{"href":"https:\/\/www.juntosporextremadura.es\/blog\/wp-json\/wp\/v2\/types\/post"}],"author":[{"embeddable":true,"href":"https:\/\/www.juntosporextremadura.es\/blog\/wp-json\/wp\/v2\/users\/2"}],"replies":[{"embeddable":true,"href":"https:\/\/www.juntosporextremadura.es\/blog\/wp-json\/wp\/v2\/comments?post=33"}],"version-history":[{"count":2,"href":"https:\/\/www.juntosporextremadura.es\/blog\/wp-json\/wp\/v2\/posts\/33\/revisions"}],"predecessor-version":[{"id":37,"href":"https:\/\/www.juntosporextremadura.es\/blog\/wp-json\/wp\/v2\/posts\/33\/revisions\/37"}],"wp:attachment":[{"href":"https:\/\/www.juntosporextremadura.es\/blog\/wp-json\/wp\/v2\/media?parent=33"}],"wp:term":[{"taxonomy":"category","embeddable":true,"href":"https:\/\/www.juntosporextremadura.es\/blog\/wp-json\/wp\/v2\/categories?post=33"},{"taxonomy":"post_tag","embeddable":true,"href":"https:\/\/www.juntosporextremadura.es\/blog\/wp-json\/wp\/v2\/tags?post=33"}],"curies":[{"name":"wp","href":"https:\/\/api.w.org\/{rel}","templated":true}]}}