{"id":29,"date":"2022-02-08T08:18:13","date_gmt":"2022-02-08T07:18:13","guid":{"rendered":"https:\/\/www.juntosporextremadura.es\/blog\/?p=29"},"modified":"2022-02-08T08:18:14","modified_gmt":"2022-02-08T07:18:14","slug":"juntos-x-extremadura-destaca-el-auge-del-regionalismo","status":"publish","type":"post","link":"https:\/\/www.juntosporextremadura.es\/blog\/juntos-x-extremadura-destaca-el-auge-del-regionalismo\/","title":{"rendered":"Juntos x Extremadura destaca el auge del Regionalismo"},"content":{"rendered":"\n<p>Seg\u00fan los \u00faltimos datos de los diferentes estudios estad\u00edsticos. El regionalismo en las pr\u00f3ximas elecciones tendr\u00e1 una representaci\u00f3n de 5\/6 representantes en las cortes de Castilla y Le\u00f3n.<\/p>\n\n\n\n<p>Desde Juntos x Extremadura consideran este hecho un \u00e9xito. \u201cUn rotundo \u00e9xito al desaparecer por fin las mayor\u00edas absolutas en detrimento del pueblo y de una representaci\u00f3n no sujeta a la disciplina de voto de los grandes partidos, un \u00e9xito al tener que debatir con los partidos del pueblo y que miran por el pueblo\u201d.<\/p>\n\n\n\n<figure class=\"wp-block-image size-large\"><img loading=\"lazy\" decoding=\"async\" width=\"1024\" height=\"333\" src=\"https:\/\/www.juntosporextremadura.es\/blog\/wp-content\/uploads\/2022\/02\/estadistica-1024x333.jpg\" alt=\"\" class=\"wp-image-30\" srcset=\"https:\/\/www.juntosporextremadura.es\/blog\/wp-content\/uploads\/2022\/02\/estadistica-1024x333.jpg 1024w, https:\/\/www.juntosporextremadura.es\/blog\/wp-content\/uploads\/2022\/02\/estadistica-300x98.jpg 300w, https:\/\/www.juntosporextremadura.es\/blog\/wp-content\/uploads\/2022\/02\/estadistica-768x250.jpg 768w, https:\/\/www.juntosporextremadura.es\/blog\/wp-content\/uploads\/2022\/02\/estadistica.jpg 1278w\" sizes=\"auto, (max-width: 1024px) 100vw, 1024px\" \/><\/figure>\n\n\n\n<p>A\u00f1aden que \u201cdesde el regionalismo daremos voz a todos los extreme\u00f1os, somos conscientes de esa necesidad. Somos conscientes de las similitudes de Castilla y Le\u00f3n con nuestra tierra y somos conscientes con cada mensaje que recibimos que el mismo hecho que va a suceder en estas pr\u00f3ximas elecciones del 13 de febrero, tendr\u00e1n lugar aqu\u00ed en Extremadura el pr\u00f3ximo a\u00f1o\u201d.<\/p>\n\n\n\n<p>Que esta tendencia al regionalismo es un hecho lo demuestran las estad\u00edsticas por toda Espa\u00f1a. La hipot\u00e9tica presencia de 5\/6 representantes en las Cortes de Castilla y Le\u00f3n obligar\u00e1 al PP a tener que admitir las propuestas de estos partidos regionalistas.<\/p>\n\n\n\n<p>Por tal situaci\u00f3n, en el seno de Juntos x Extremadura se hacen esta pregunta: \u00bfAcaso hay mejor propuesta que aquella hecha para la regi\u00f3n?<\/p>\n\n\n\n<figure class=\"wp-block-image size-full is-resized is-style-rounded\"><img loading=\"lazy\" decoding=\"async\" src=\"https:\/\/www.juntosporextremadura.es\/blog\/wp-content\/uploads\/2022\/02\/extremadura-ciudades03.jpg\" alt=\"\" class=\"wp-image-31\" width=\"495\" height=\"317\" srcset=\"https:\/\/www.juntosporextremadura.es\/blog\/wp-content\/uploads\/2022\/02\/extremadura-ciudades03.jpg 900w, https:\/\/www.juntosporextremadura.es\/blog\/wp-content\/uploads\/2022\/02\/extremadura-ciudades03-300x193.jpg 300w, https:\/\/www.juntosporextremadura.es\/blog\/wp-content\/uploads\/2022\/02\/extremadura-ciudades03-768x493.jpg 768w\" sizes=\"auto, (max-width: 495px) 100vw, 495px\" \/><\/figure>\n","protected":false},"excerpt":{"rendered":"<p>Seg\u00fan los \u00faltimos datos de los diferentes estudios estad\u00edsticos. El regionalismo en las pr\u00f3ximas elecciones tendr\u00e1 una representaci\u00f3n de 5\/6 representantes en las cortes de Castilla y Le\u00f3n. Desde Juntos x Extremadura consideran este hecho un \u00e9xito. \u201cUn rotundo \u00e9xito al desaparecer por fin las mayor\u00edas absolutas en detrimento del pueblo y de una representaci\u00f3n [&hellip;]<\/p>\n","protected":false},"author":2,"featured_media":0,"comment_status":"closed","ping_status":"open","sticky":false,"template":"","format":"standard","meta":{"footnotes":""},"categories":[1],"tags":[],"class_list":["post-29","post","type-post","status-publish","format-standard","hentry","category-sin-categoria"],"_links":{"self":[{"href":"https:\/\/www.juntosporextremadura.es\/blog\/wp-json\/wp\/v2\/posts\/29","targetHints":{"allow":["GET"]}}],"collection":[{"href":"https:\/\/www.juntosporextremadura.es\/blog\/wp-json\/wp\/v2\/posts"}],"about":[{"href":"https:\/\/www.juntosporextremadura.es\/blog\/wp-json\/wp\/v2\/types\/post"}],"author":[{"embeddable":true,"href":"https:\/\/www.juntosporextremadura.es\/blog\/wp-json\/wp\/v2\/users\/2"}],"replies":[{"embeddable":true,"href":"https:\/\/www.juntosporextremadura.es\/blog\/wp-json\/wp\/v2\/comments?post=29"}],"version-history":[{"count":1,"href":"https:\/\/www.juntosporextremadura.es\/blog\/wp-json\/wp\/v2\/posts\/29\/revisions"}],"predecessor-version":[{"id":32,"href":"https:\/\/www.juntosporextremadura.es\/blog\/wp-json\/wp\/v2\/posts\/29\/revisions\/32"}],"wp:attachment":[{"href":"https:\/\/www.juntosporextremadura.es\/blog\/wp-json\/wp\/v2\/media?parent=29"}],"wp:term":[{"taxonomy":"category","embeddable":true,"href":"https:\/\/www.juntosporextremadura.es\/blog\/wp-json\/wp\/v2\/categories?post=29"},{"taxonomy":"post_tag","embeddable":true,"href":"https:\/\/www.juntosporextremadura.es\/blog\/wp-json\/wp\/v2\/tags?post=29"}],"curies":[{"name":"wp","href":"https:\/\/api.w.org\/{rel}","templated":true}]}}