{"id":135,"date":"2022-12-15T15:08:32","date_gmt":"2022-12-15T14:08:32","guid":{"rendered":"https:\/\/www.juntosporextremadura.es\/blog\/?p=135"},"modified":"2022-12-15T15:08:33","modified_gmt":"2022-12-15T14:08:33","slug":"juntos-x-extremadura-presenta-a-jose-ma-fernandez-chavero-como-nuevo-integrante","status":"publish","type":"post","link":"https:\/\/www.juntosporextremadura.es\/blog\/juntos-x-extremadura-presenta-a-jose-ma-fernandez-chavero-como-nuevo-integrante\/","title":{"rendered":"Juntos X Extremadura presenta a Jos\u00e9 M\u00aa Fern\u00e1ndez Chavero como nuevo integrante"},"content":{"rendered":"\n<figure class=\"wp-block-image size-full is-resized\"><img loading=\"lazy\" decoding=\"async\" src=\"https:\/\/www.juntosporextremadura.es\/blog\/wp-content\/uploads\/2022\/12\/Jose-Maria-Fdez.-Chavero.jpg\" alt=\"\" class=\"wp-image-136\" width=\"308\" height=\"279\" srcset=\"https:\/\/www.juntosporextremadura.es\/blog\/wp-content\/uploads\/2022\/12\/Jose-Maria-Fdez.-Chavero.jpg 721w, https:\/\/www.juntosporextremadura.es\/blog\/wp-content\/uploads\/2022\/12\/Jose-Maria-Fdez.-Chavero-300x272.jpg 300w\" sizes=\"auto, (max-width: 308px) 100vw, 308px\" \/><\/figure>\n\n\n\n<p>Jos\u00e9 Mar\u00eda Fern\u00e1ndez Chavero es un extreme\u00f1o especialmente preocupado por Extremadura y sus gentes, que ve c\u00f3mo \u201ca\u00f1o tras a\u00f1o no avanzamos como deb\u00edamos y es de justicia hacerlo ya\u201d.<\/p>\n\n\n\n<p>Es Licenciado en Filosof\u00eda y Ciencias de la Educaci\u00f3n y Psic\u00f3logo especialista en Psicolog\u00eda Cl\u00ednica. Tiene estudios de postgrado M\u00e1ster en Direcci\u00f3n de Servicios Sanitarios y en Bio\u00e9tica. Present\u00f3 el proyecto \u2018T\u00edtulo de la ESO y FP adaptada\u2019 para las personas con discapacidad.<\/p>\n\n\n\n<p>Obtuvo la Declaraci\u00f3n Institucional de m\u00e1s de 90 municipios y ciudades, as\u00ed como de toda la Asamblea de Extremadura y particip\u00f3 como invitado en la Comisi\u00f3n para las Pol\u00edticas integrales de la Discapacidad del Congreso de los Diputados el mi\u00e9rcoles 13 de septiembre de 2017.<\/p>\n\n\n\n<p>Form\u00f3 parte de la plataforma \u2018Educaci\u00f3n digna para todos \u00a1YA!, Derecho a la Educaci\u00f3n, Derecho a estar, Derecho a ser\u2019 que elabor\u00f3 el Manifiesto por una Educaci\u00f3n digna para todos &nbsp;en M\u00e9rida el 16 de enero de 2018 y que fue presentado a todos los partidos pol\u00edticos que compon\u00edan la Asamblea de Extremadura\u00bb.<\/p>\n\n\n\n<p>Y es un convencido de la gran potencialidad de los extreme\u00f1os y extreme\u00f1as, de Extremadura.<\/p>\n\n\n\n<p>Dentro de Juntos X Extremadura ocupar\u00e1 una posici\u00f3n de relevancia en el organigrama auton\u00f3mico junto a Ra\u00fal Gonz\u00e1lez y Antonio Granero, \u201cdando m\u00e1s valor si cabe a este proyecto como \u00fanica alternativa pol\u00edtica regional\u201d.<\/p>\n\n\n\n<p>En el organigrama municipal apoyar\u00e1 a Juan P\u00e9rez Campos y tambi\u00e9n formara parte de la candidatura a la ciudad de Badajoz.<\/p>\n\n\n\n<p>\u201cDesde Juntos X Extremadura consideramos de gran valor y m\u00e1xima importancia el proyecto de la Educaci\u00f3n Inclusiva de calidad, por ese motivo, lo incorporaremos a nuestro programa con el claro fin de hacerlo realidad cuando lleguemos a la Asamblea y de exportar el modelo a nivel estatal\u201d.<\/p>\n\n\n\n<p>Desde el partido hacen un llamamiento a todas esas personas que se sienten indignadas con la situaci\u00f3n de nuestra tierra \u201cy que al igual que nosotros\u201d creen que es necesario un cambio. \u201cJUEX invita a todo el mundo a unirse y participar en un movimiento pol\u00edtico necesario, justo, que mire por su tierra, por sus vecinos, por las familias y por un futuro que hoy es incierto y lleno de mentiras\u201d.<\/p>\n\n\n\n<p><\/p>\n","protected":false},"excerpt":{"rendered":"<p>Jos\u00e9 Mar\u00eda Fern\u00e1ndez Chavero es un extreme\u00f1o especialmente preocupado por Extremadura y sus gentes, que ve c\u00f3mo \u201ca\u00f1o tras a\u00f1o no avanzamos como deb\u00edamos y es de justicia hacerlo ya\u201d. Es Licenciado en Filosof\u00eda y Ciencias de la Educaci\u00f3n y Psic\u00f3logo especialista en Psicolog\u00eda Cl\u00ednica. Tiene estudios de postgrado M\u00e1ster en Direcci\u00f3n de Servicios Sanitarios [&hellip;]<\/p>\n","protected":false},"author":2,"featured_media":0,"comment_status":"closed","ping_status":"open","sticky":false,"template":"","format":"standard","meta":{"footnotes":""},"categories":[1],"tags":[],"class_list":["post-135","post","type-post","status-publish","format-standard","hentry","category-sin-categoria"],"_links":{"self":[{"href":"https:\/\/www.juntosporextremadura.es\/blog\/wp-json\/wp\/v2\/posts\/135","targetHints":{"allow":["GET"]}}],"collection":[{"href":"https:\/\/www.juntosporextremadura.es\/blog\/wp-json\/wp\/v2\/posts"}],"about":[{"href":"https:\/\/www.juntosporextremadura.es\/blog\/wp-json\/wp\/v2\/types\/post"}],"author":[{"embeddable":true,"href":"https:\/\/www.juntosporextremadura.es\/blog\/wp-json\/wp\/v2\/users\/2"}],"replies":[{"embeddable":true,"href":"https:\/\/www.juntosporextremadura.es\/blog\/wp-json\/wp\/v2\/comments?post=135"}],"version-history":[{"count":1,"href":"https:\/\/www.juntosporextremadura.es\/blog\/wp-json\/wp\/v2\/posts\/135\/revisions"}],"predecessor-version":[{"id":137,"href":"https:\/\/www.juntosporextremadura.es\/blog\/wp-json\/wp\/v2\/posts\/135\/revisions\/137"}],"wp:attachment":[{"href":"https:\/\/www.juntosporextremadura.es\/blog\/wp-json\/wp\/v2\/media?parent=135"}],"wp:term":[{"taxonomy":"category","embeddable":true,"href":"https:\/\/www.juntosporextremadura.es\/blog\/wp-json\/wp\/v2\/categories?post=135"},{"taxonomy":"post_tag","embeddable":true,"href":"https:\/\/www.juntosporextremadura.es\/blog\/wp-json\/wp\/v2\/tags?post=135"}],"curies":[{"name":"wp","href":"https:\/\/api.w.org\/{rel}","templated":true}]}}