{"id":122,"date":"2022-10-18T15:13:24","date_gmt":"2022-10-18T13:13:24","guid":{"rendered":"https:\/\/www.juntosporextremadura.es\/blog\/?p=122"},"modified":"2022-10-18T15:13:26","modified_gmt":"2022-10-18T13:13:26","slug":"subvenciones-a-ugt-mientras-la-gente-no-llega-a-final-de-mes","status":"publish","type":"post","link":"https:\/\/www.juntosporextremadura.es\/blog\/subvenciones-a-ugt-mientras-la-gente-no-llega-a-final-de-mes\/","title":{"rendered":"\u201cSubvenciones a UGT mientras la gente no llega a final de mes\u201d"},"content":{"rendered":"\n<figure class=\"wp-block-image size-large\"><img loading=\"lazy\" decoding=\"async\" width=\"1024\" height=\"554\" src=\"https:\/\/www.juntosporextremadura.es\/blog\/wp-content\/uploads\/2022\/10\/3-35-1024x554.jpg\" alt=\"\" class=\"wp-image-123\" srcset=\"https:\/\/www.juntosporextremadura.es\/blog\/wp-content\/uploads\/2022\/10\/3-35-1024x554.jpg 1024w, https:\/\/www.juntosporextremadura.es\/blog\/wp-content\/uploads\/2022\/10\/3-35-300x162.jpg 300w, https:\/\/www.juntosporextremadura.es\/blog\/wp-content\/uploads\/2022\/10\/3-35-768x415.jpg 768w, https:\/\/www.juntosporextremadura.es\/blog\/wp-content\/uploads\/2022\/10\/3-35.jpg 1110w\" sizes=\"auto, (max-width: 1024px) 100vw, 1024px\" \/><\/figure>\n\n\n\n<p><br>Desde Juntos X Extremadura, informan a la sociedad extreme\u00f1a a trav\u00e9s de un comunicado, de la subvenci\u00f3n que ha otorgado la Junta de Extremadura a UGT Extremadura.<\/p>\n\n\n\n<p>Indican que la subvenci\u00f3n ser\u00e1 destinada para financiar: Actividades de dise\u00f1o, evaluaci\u00f3n y difusi\u00f3n de la oferta formativa para trabajadoras ocupadas en la comunidad. Dicha subvenci\u00f3n asciende a 300.000\u20ac y as\u00ed aparece en el Sistema nacional de publicidad de subvenciones y ayudas p\u00fablicas.<\/p>\n\n\n\n<p>\u201cMientras la sociedad civil tiene dificultades para llegar a final de mes, donde el coste de la energ\u00eda castiga duramente a todas las empresas de Extremadura, donde aut\u00f3nomos y pymes est\u00e1n barajando la opci\u00f3n de cerrar ante la insostenible situaci\u00f3n y la escalada de precios nos condena a ser m\u00e1s pobres a\u00fan\u201d.<\/p>\n\n\n\n<p>Asimismo \u201cuna parte de la sociedad sufre y padece, la Junta de Extremadura subvenciona con 300.000\u20ac a un sindicato. En un comienzo de semana donde, el tren vuelve a acumular casi 90 minutos de retraso, donde los extreme\u00f1os del \u00e1rea de Fregenal de la Sierra no pueden ponerse enfermos pues est\u00e1n sin m\u00e9dicos y con una noticia que pone a Extremadura en los primeros puestos de riesgo de exclusi\u00f3n social y pobreza\u201d.<\/p>\n\n\n\n<p>Afirman que mientras eso pasa, la Junta de Extremadura concede subvenciones de 300.000\u20ac a los sindicatos. Desde JUEX, consideramos que gastar dinero en subvenciones para anunciarlas propias ayudas, es rizar el rizo de la carencia de ideas y un firme reflejo de la improvisaci\u00f3n del gobierno de Vara.<\/p>\n\n\n\n<p>\u201cConsideramos que carece de necesidad esta acci\u00f3n, que se podr\u00eda invertir este dinero en acciones directas a los sectores de la sociedad m\u00e1s afectados por la situaci\u00f3n que atravesamos\u201d.<\/p>\n","protected":false},"excerpt":{"rendered":"<p>Desde Juntos X Extremadura, informan a la sociedad extreme\u00f1a a trav\u00e9s de un comunicado, de la subvenci\u00f3n que ha otorgado la Junta de Extremadura a UGT Extremadura. Indican que la subvenci\u00f3n ser\u00e1 destinada para financiar: Actividades de dise\u00f1o, evaluaci\u00f3n y difusi\u00f3n de la oferta formativa para trabajadoras ocupadas en la comunidad. Dicha subvenci\u00f3n asciende a [&hellip;]<\/p>\n","protected":false},"author":2,"featured_media":0,"comment_status":"closed","ping_status":"open","sticky":false,"template":"","format":"standard","meta":{"footnotes":""},"categories":[1],"tags":[],"class_list":["post-122","post","type-post","status-publish","format-standard","hentry","category-sin-categoria"],"_links":{"self":[{"href":"https:\/\/www.juntosporextremadura.es\/blog\/wp-json\/wp\/v2\/posts\/122","targetHints":{"allow":["GET"]}}],"collection":[{"href":"https:\/\/www.juntosporextremadura.es\/blog\/wp-json\/wp\/v2\/posts"}],"about":[{"href":"https:\/\/www.juntosporextremadura.es\/blog\/wp-json\/wp\/v2\/types\/post"}],"author":[{"embeddable":true,"href":"https:\/\/www.juntosporextremadura.es\/blog\/wp-json\/wp\/v2\/users\/2"}],"replies":[{"embeddable":true,"href":"https:\/\/www.juntosporextremadura.es\/blog\/wp-json\/wp\/v2\/comments?post=122"}],"version-history":[{"count":1,"href":"https:\/\/www.juntosporextremadura.es\/blog\/wp-json\/wp\/v2\/posts\/122\/revisions"}],"predecessor-version":[{"id":124,"href":"https:\/\/www.juntosporextremadura.es\/blog\/wp-json\/wp\/v2\/posts\/122\/revisions\/124"}],"wp:attachment":[{"href":"https:\/\/www.juntosporextremadura.es\/blog\/wp-json\/wp\/v2\/media?parent=122"}],"wp:term":[{"taxonomy":"category","embeddable":true,"href":"https:\/\/www.juntosporextremadura.es\/blog\/wp-json\/wp\/v2\/categories?post=122"},{"taxonomy":"post_tag","embeddable":true,"href":"https:\/\/www.juntosporextremadura.es\/blog\/wp-json\/wp\/v2\/tags?post=122"}],"curies":[{"name":"wp","href":"https:\/\/api.w.org\/{rel}","templated":true}]}}