{"id":115,"date":"2022-10-10T17:40:54","date_gmt":"2022-10-10T15:40:54","guid":{"rendered":"https:\/\/www.juntosporextremadura.es\/blog\/?p=115"},"modified":"2022-10-10T17:48:15","modified_gmt":"2022-10-10T15:48:15","slug":"presentacion-de-la-candidatura-de-juex-a-la-asamblea-de-extremadura","status":"publish","type":"post","link":"https:\/\/www.juntosporextremadura.es\/blog\/presentacion-de-la-candidatura-de-juex-a-la-asamblea-de-extremadura\/","title":{"rendered":"Presentaci\u00f3n de la candidatura de JUEX a la Asamblea de Extremadura."},"content":{"rendered":"\n<figure class=\"wp-block-video\"><video height=\"384\" style=\"aspect-ratio: 848 \/ 384;\" width=\"848\" controls src=\"https:\/\/www.juntosporextremadura.es\/blog\/wp-content\/uploads\/2022\/10\/WhatsApp-Video-2022-10-10-at-5.36.30-PM.mp4\"><\/video><\/figure>\n\n\n\n<p>La formaci\u00f3n Juntos X Extremadura presenta su candidatura de cara a las pr\u00f3ximas elecciones, y en concreto, a la Asamblea \u00abpara gobernar, para legislar en pro de todos los extreme\u00f1os y para pedir por lo nuestro\u00bb, a la vez que quieren impulsar \u00abun cambio\u00bb que ven \u00abnecesario\u00bb en la regi\u00f3n, con medidas como considerarla comunidad \u00abaislada\u00bb, o una reducci\u00f3n en el precio de la luz del 50 por ciento para los extreme\u00f1os por ser \u00abprincipales productores\u00bb de la misma.<\/p>\n\n\n\n<p>Juntos X Extremadura cuenta con un equipo humano \u00abmuy diverso, hombres y mujeres, todos sociedad civil\u00bb, ha remarcado el presidente de Juntos X Extremadura y candidato a la Asamblea por C\u00e1ceres, Ra\u00fal Gonz\u00e1lez, junto con que todos los integrantes miran \u00abpor encima de todo por Extremadura, sin siglas y por supuesto sin ideolog\u00eda\u00bb.<\/p>\n\n\n\n<p>\u00abEntendemos que hacer pol\u00edtica es legislar, y legislar para los extreme\u00f1os y hacer pol\u00edtica y hacer leyes para que los extreme\u00f1os y la sociedad civil tenga una mejor\u00eda en su d\u00eda a d\u00eda, y tenga una vida un poquito mejor\u00bb, ha se\u00f1alado.<\/p>\n\n\n\n<p>Adem\u00e1s, ha remarcado que actualmente lo que se legisla \u00abest\u00e1 hecho solo y exclusivamente por el bien de unos cuantos\u00bb, y que por eso, desde Juntos X Extremadura, han presentado su candidatura a la Asamblea \u00abpara gobernar, para legislar en pro de todos los extreme\u00f1os y para pedir por lo nuestro\u00bb.<\/p>\n\n\n\n<p>Sobre esto \u00faltimo, ha sumado que los gobernantes de la regi\u00f3n \u00abjam\u00e1s lo han hecho\u00bb y desde la formaci\u00f3n quieren impulsar \u00abun cambio que en Extremadura es necesario\u00bb, como ha se\u00f1alado el presidente de Juntos X Extremadura y candidato a la Asamblea por C\u00e1ceres en una rueda de prensa acompa\u00f1ado del vicepresidente y candidato a la Asamblea por la provincia de Badajoz, el cocinero Antonio Granero, en la que la formaci\u00f3n ha presentado su candidatura y su proyecto para las pr\u00f3ximas elecciones.<\/p>\n\n\n\n<p><strong>PIDEN A LA GENTE QUE SE SUME<\/strong><\/p>\n\n\n\n<p>Granero ha sostenido en su intervenci\u00f3n que \u00ablo importante es lo que se hace, no lo que se dice, porque decir es lo m\u00e1s f\u00e1cil en esta vida, lo dif\u00edcil es hacerlo\u00bb y que por eso le piden a la gente que \u00abse sume\u00bb dado que \u00abmucha gente dice lo mismo que nosotros\u00bb, pero \u00abluego tienen miedo de dar el paso, porque cree que va a haber un ataque de la propia administraci\u00f3n hacia \u00e9l\u00bb.<\/p>\n\n\n\n<p>\u00abHay que tener en cuenta que la administraci\u00f3n tiene todas las armas para acabar con cualquiera, tiene a la Seguridad Social, tiene a la Agencia Tributaria, tiene a las inspecciones de uno u otro tipo&#8230; hay que ser muy valiente para enfrentarse a esta realidad, y por eso la mayor\u00eda de la gente no lo hace\u00bb, ha considerado Granero, para quien la gente \u00abest\u00e1 coaccionada, no se siente libre, no se puede pensar libremente, no se puede opinar libremente\u00bb.<\/p>\n\n\n\n<p>En este sentido, ha ahondado en que \u00abquiz\u00e1s\u00bb en Extremadura se puede dar \u00abun paso adelante con un poco de apoyo de la sociedad y cambiar un poco esta realidad\u00bb, y en que quieren \u00ablevantar el sentimiento regionalista de los extreme\u00f1os, que lo tienen\u00bb y son \u00abmuy conscientes de que con unos y con otros no hemos progresado\u00bb.<\/p>\n\n\n\n<p>Juntos X Extremadura es un grupo de extreme\u00f1os que, \u00abindignados\u00bb por la situaci\u00f3n que atraviesa su tierra, deciden hacer algo para cambiar aquello que los pol\u00edticos \u00abno quieren hacer\u00bb porque en 40 a\u00f1os \u00ables ha dado tiempo\u00bb, seg\u00fan Ra\u00fal Gonz\u00e1lez.<\/p>\n\n\n\n<p><strong>O TE SUBES AL CARRO O TE QUEDAS EN LA COLA<\/strong><\/p>\n\n\n\n<p>As\u00ed y de cara a las elecciones generales, Granero ha indicado que este movimiento regionalista ya se ha visto en legislaturas anteriores y que el resto de regiones y \u00abno solo\u00bb Pa\u00eds Vasco y Catalu\u00f1a o Valencia, \u00abse est\u00e1n dando cuenta del privilegio con el que se les trata a estas tres, concretamente a dos por encima de los dem\u00e1s\u00bb.<\/p>\n\n\n\n<p>\u00abNo hay que ser muy listo para darse cuenta de que o te subes al carro o te quedas a la cola, nosotros llevamos en la cola toda la vida, esperemos que en este movimiento regionalista a nivel nacional pueda calar en esta tierra para no quedarnos descolgados\u00bb.<\/p>\n\n\n\n<p>\u00abEvidentemente, la misi\u00f3n de un movimiento regionalista como es Juntos X Extremadura u otros que hay en otras regiones es llegar a Madrid para hacer pi\u00f1a y presentarle batalla a ese bipartidismo que nos tiene fritos, el que nos tiene abandonados\u00bb, seg\u00fan Granero, que ha planteado que Extremadura \u00abno\u00bb es \u00abel \u00fanico sitio que est\u00e1 abandonado de Espa\u00f1a\u00bb, una realidad que \u00abse reproduce en otras muchas zonas\u00bb.<\/p>\n\n\n\n<p>Ha a\u00f1adido adem\u00e1s que \u00abel impulso regionalista va a llegar a Madrid, por supuesto que s\u00ed\u00bb, y que \u00abrealmente el inter\u00e9s es llegar a Bruselas\u00bb, donde se est\u00e1 decidiendo \u00abnuestra vida todos los d\u00edas\u00bb, mientras que Gonz\u00e1lez ha avanzado que presentar\u00e1n su candidatura a la Asamblea y tambi\u00e9n en las municipales en distintas localidades.<\/p>\n\n\n\n<p>Pr\u00f3ximamente, dar\u00e1n a conocer los candidatos en los grandes n\u00facleos poblacionales &#8211; y que tambi\u00e9n concurrir\u00e1n al Congreso con un candidato cuya identidad no ha desvelado y ha avanzado que es \u00abde bastante relevancia y un firme defensor de su tierra\u00bb.<\/p>\n\n\n\n<p><strong>PROGRAMA DE JUNTOS X EXTREMADURA<\/strong><\/p>\n\n\n\n<p>Como ha explicado, Juntos X Extremadura se posiciona respecto a su ideolog\u00eda \u00aben un centro liberal progresista y moderado, sobre todo y ante todo moderado, porque los extremos no tienen sentido y mucho menos en nuestra tierra, cuando hay much\u00edsimas cosas que hacer como para estar divagando\u00bb en lo que no tiene \u00abel m\u00e1s m\u00ednimo sentido, ni beneficio\u00bb.<\/p>\n\n\n\n<p>Adem\u00e1s, ha dise\u00f1ado un programa que aborda las \u00abprincipales necesidades\u00bb de la regi\u00f3n, como las comunicaciones y tanto el tren a Madrid como a Sevilla y autov\u00edas como la C\u00e1ceres-Badajoz.<\/p>\n\n\n\n<p>En materia de despoblaci\u00f3n, uno de los \u00abcaballos de batalla\u00bb, abogan por dotar de recursos econ\u00f3micos, sociales y asistenciales con el fin de conseguir que vivir en los pueblos no sea una \u00abdesventaja y un reto diario\u00bb, y por dotar de banda ancha a todos los municipios del territorio extreme\u00f1o en una acci\u00f3n \u00abestrechamente\u00bb dise\u00f1ada en lo que se refiere a la energ\u00eda y la fiscalidad.<\/p>\n\n\n\n<p>En materia de agricultura y ganader\u00eda, apoyan ambos sectores como motor socioecon\u00f3mico de la regi\u00f3n, as\u00ed como al relevo generacional en el sector, junto con la defensa \u00abcon justicia\u00bb a todos los que trabajan y viven del campo con unos precios \u00abdignos\u00bb y ayudas en los costes de producci\u00f3n.<\/p>\n\n\n\n<p>Otro apartado referido por Ra\u00fal Gonz\u00e1lez se denomina \u00abenerg\u00eda\u00bb y, en el mismo plantean una reducci\u00f3n del 50 por ciento en el precio de la luz para los extreme\u00f1os \u00abpor ser principales productores de la misma\u00bb; legislar la existencia de UTE en la comunidad que \u00abse enriquecen\u00bb con los recursos extreme\u00f1os y despu\u00e9s pagan los impuestos en \u00abotras comunidades\u00bb y considerar Extremadura como \u00abregi\u00f3n aislada\u00bb y gozar de \u00abprivilegios\u00bb fiscales como Ceuta, Melilla o Canarias que, pese a gozar de esta fiscalidad, \u00abest\u00e1n menos aisladas\u00bb que Extremadura.<\/p>\n\n\n\n<p>En este punto, el candidato por C\u00e1ceres se ha referido a los hechos acontecidos en Espa\u00f1a el 1 de octubre de 2017, cuando m\u00e1s de 3.500 empresas recalaron en Madrid \u00abpor temor a una fiscalidad leonina de la Generalitat de Catalu\u00f1a\u00bb:<\/p>\n\n\n\n<p>\u00abSi nosotros promovemos una fiscalidad positiva por ser regi\u00f3n aislada, y un descuento del 50 por ciento por sitar esas empresas aqu\u00ed, de esas 3.500 empresas teniendo 388 municipios como tenemos, dotar\u00edamos a cada pueblo de Extremadura, en un solo d\u00eda, de 10 empresas\u00bb.<\/p>\n\n\n\n<p>\u00abSiempre vamos a lo mismo, no quieren que se desarrolle la regi\u00f3n, porque si se desarrolla la regi\u00f3n entra en competencia con las otras\u00bb, ha concluido Granero, a la vez que ha defendido que el \u00abpoder\u00edo\u00bb de la comunidad y sus recursos \u00abtienen los suficientes rea\u00f1os para enfrentarse a cualquier otra regi\u00f3n, porque otras regiones no tienen lo que tenemos nosotros\u00bb, por lo que \u00abno se explica que no lo podamos hacer, si no es por unas pol\u00edticas de inter\u00e9s nacional, y no de inter\u00e9s regional\u00bb.<\/p>\n\n\n\n<figure class=\"wp-block-video\"><video height=\"672\" style=\"aspect-ratio: 480 \/ 672;\" width=\"480\" controls src=\"https:\/\/www.juntosporextremadura.es\/blog\/wp-content\/uploads\/2022\/10\/WhatsApp-Video-2022-10-10-at-5.46.42-PM.mp4\"><\/video><\/figure>\n\n\n\n<figure class=\"wp-block-gallery has-nested-images columns-default is-cropped wp-block-gallery-1 is-layout-flex wp-block-gallery-is-layout-flex\"><\/figure>\n","protected":false},"excerpt":{"rendered":"<p>La formaci\u00f3n Juntos X Extremadura presenta su candidatura de cara a las pr\u00f3ximas elecciones, y en concreto, a la Asamblea \u00abpara gobernar, para legislar en pro de todos los extreme\u00f1os y para pedir por lo nuestro\u00bb, a la vez que quieren impulsar \u00abun cambio\u00bb que ven \u00abnecesario\u00bb en la regi\u00f3n, con medidas como considerarla comunidad [&hellip;]<\/p>\n","protected":false},"author":2,"featured_media":0,"comment_status":"closed","ping_status":"open","sticky":false,"template":"","format":"standard","meta":{"footnotes":""},"categories":[1],"tags":[],"class_list":["post-115","post","type-post","status-publish","format-standard","hentry","category-sin-categoria"],"_links":{"self":[{"href":"https:\/\/www.juntosporextremadura.es\/blog\/wp-json\/wp\/v2\/posts\/115","targetHints":{"allow":["GET"]}}],"collection":[{"href":"https:\/\/www.juntosporextremadura.es\/blog\/wp-json\/wp\/v2\/posts"}],"about":[{"href":"https:\/\/www.juntosporextremadura.es\/blog\/wp-json\/wp\/v2\/types\/post"}],"author":[{"embeddable":true,"href":"https:\/\/www.juntosporextremadura.es\/blog\/wp-json\/wp\/v2\/users\/2"}],"replies":[{"embeddable":true,"href":"https:\/\/www.juntosporextremadura.es\/blog\/wp-json\/wp\/v2\/comments?post=115"}],"version-history":[{"count":2,"href":"https:\/\/www.juntosporextremadura.es\/blog\/wp-json\/wp\/v2\/posts\/115\/revisions"}],"predecessor-version":[{"id":120,"href":"https:\/\/www.juntosporextremadura.es\/blog\/wp-json\/wp\/v2\/posts\/115\/revisions\/120"}],"wp:attachment":[{"href":"https:\/\/www.juntosporextremadura.es\/blog\/wp-json\/wp\/v2\/media?parent=115"}],"wp:term":[{"taxonomy":"category","embeddable":true,"href":"https:\/\/www.juntosporextremadura.es\/blog\/wp-json\/wp\/v2\/categories?post=115"},{"taxonomy":"post_tag","embeddable":true,"href":"https:\/\/www.juntosporextremadura.es\/blog\/wp-json\/wp\/v2\/tags?post=115"}],"curies":[{"name":"wp","href":"https:\/\/api.w.org\/{rel}","templated":true}]}}