{"id":112,"date":"2022-10-04T21:52:20","date_gmt":"2022-10-04T19:52:20","guid":{"rendered":"https:\/\/www.juntosporextremadura.es\/blog\/?p=112"},"modified":"2022-10-04T21:52:22","modified_gmt":"2022-10-04T19:52:22","slug":"antonio-granero-candidato-de-juex-por-badajoz-a-la-asamblea","status":"publish","type":"post","link":"https:\/\/www.juntosporextremadura.es\/blog\/antonio-granero-candidato-de-juex-por-badajoz-a-la-asamblea\/","title":{"rendered":"Antonio Granero, candidato de JUEX por Badajoz a la Asamblea."},"content":{"rendered":"\n<figure class=\"wp-block-video\"><video height=\"848\" style=\"aspect-ratio: 384 \/ 848;\" width=\"384\" controls src=\"https:\/\/www.juntosporextremadura.es\/blog\/wp-content\/uploads\/2022\/10\/canal-extremadura.mp4\"><\/video><\/figure>\n\n\n\n<p>Desde Juntos X Extremadura, queremos comunicar que: \u00a0<\/p>\n\n\n\n<p>Antonio Granero, conocido como \u201cEl cocinero de la tele\u201d, sera el candidato a la<\/p>\n\n\n\n<p>Asamblea de Extremadura por la provincia de Badajoz.<\/p>\n\n\n\n<p>Desde JUEX, vemos a Antonio como un firme defensor de nuestra tierra, un Extreme\u00f1o de pro, gran conocedor de Extremadura y una excelente persona. Estos valores y una capacidad de comunicaci\u00f3n asombrosa, son algunos de los factores que nos hicieron pensar en \u00e9l, como candidato a defender los intereses de los Extreme\u00f1os en las pr\u00f3ximas elecciones. Queremos hablarle a la gente de forma clara y sin tecnicismos, de forma sincera, clara y que se nos entienda y a Antonio se le entiende perfectamente.<\/p>\n\n\n\n<p>Desde Juntos X Extremadura queremos denunciar todas las cosas que est\u00e1n mal hechas en nuestra tierra, queremos defender los intereses de Extremadura, queremos hacer todo aquello que nuestros gobernantes no hicieron por deberse a una disciplina de voto en Madrid y sobre todo queremos iniciar un cambio que Extremadura necesita con urgencia.<\/p>\n\n\n\n<p>Solo pidiendo por lo nuestro, conseguiremos que la deuda hist\u00f3rica que Extremadura tiene sea pagada, solo pidiendo por lo nuestro los intereses de esta regi\u00f3n ser\u00e1n defendidos y sobre todo solo pidiendo por lo nuestro, nuestros recursos y nuestros hijos se quedar\u00e1n aqu\u00ed. Si no luchamos por nuestra tierra, en un corto plazo de tiempo Extremadura se convertir\u00e1 en un suelo alicatado de placas solares y en el Serengueti de Europa.<\/p>\n\n\n\n<p>Desde Juntos X Extremadura, queremos animar a todo el mundo a unirse a este movimiento y que como Antonio Granero, se unan a JUEX para pedir por lo nuestro.<\/p>\n","protected":false},"excerpt":{"rendered":"<p>Desde Juntos X Extremadura, queremos comunicar que: \u00a0 Antonio Granero, conocido como \u201cEl cocinero de la tele\u201d, sera el candidato a la Asamblea de Extremadura por la provincia de Badajoz. Desde JUEX, vemos a Antonio como un firme defensor de nuestra tierra, un Extreme\u00f1o de pro, gran conocedor de Extremadura y una excelente persona. Estos [&hellip;]<\/p>\n","protected":false},"author":2,"featured_media":0,"comment_status":"closed","ping_status":"open","sticky":false,"template":"","format":"standard","meta":{"footnotes":""},"categories":[1],"tags":[],"class_list":["post-112","post","type-post","status-publish","format-standard","hentry","category-sin-categoria"],"_links":{"self":[{"href":"https:\/\/www.juntosporextremadura.es\/blog\/wp-json\/wp\/v2\/posts\/112","targetHints":{"allow":["GET"]}}],"collection":[{"href":"https:\/\/www.juntosporextremadura.es\/blog\/wp-json\/wp\/v2\/posts"}],"about":[{"href":"https:\/\/www.juntosporextremadura.es\/blog\/wp-json\/wp\/v2\/types\/post"}],"author":[{"embeddable":true,"href":"https:\/\/www.juntosporextremadura.es\/blog\/wp-json\/wp\/v2\/users\/2"}],"replies":[{"embeddable":true,"href":"https:\/\/www.juntosporextremadura.es\/blog\/wp-json\/wp\/v2\/comments?post=112"}],"version-history":[{"count":1,"href":"https:\/\/www.juntosporextremadura.es\/blog\/wp-json\/wp\/v2\/posts\/112\/revisions"}],"predecessor-version":[{"id":114,"href":"https:\/\/www.juntosporextremadura.es\/blog\/wp-json\/wp\/v2\/posts\/112\/revisions\/114"}],"wp:attachment":[{"href":"https:\/\/www.juntosporextremadura.es\/blog\/wp-json\/wp\/v2\/media?parent=112"}],"wp:term":[{"taxonomy":"category","embeddable":true,"href":"https:\/\/www.juntosporextremadura.es\/blog\/wp-json\/wp\/v2\/categories?post=112"},{"taxonomy":"post_tag","embeddable":true,"href":"https:\/\/www.juntosporextremadura.es\/blog\/wp-json\/wp\/v2\/tags?post=112"}],"curies":[{"name":"wp","href":"https:\/\/api.w.org\/{rel}","templated":true}]}}