{"id":105,"date":"2022-07-12T20:20:43","date_gmt":"2022-07-12T18:20:43","guid":{"rendered":"https:\/\/www.juntosporextremadura.es\/blog\/?p=105"},"modified":"2022-07-12T20:20:44","modified_gmt":"2022-07-12T18:20:44","slug":"juntos-x-extremadura-vuelve-a-denunciar-el-tren-de-la-verguenza","status":"publish","type":"post","link":"https:\/\/www.juntosporextremadura.es\/blog\/juntos-x-extremadura-vuelve-a-denunciar-el-tren-de-la-verguenza\/","title":{"rendered":"Juntos X Extremadura vuelve a denunciar el tren de la verg\u00fcenza."},"content":{"rendered":"\n<p>Su Majestad el Rey, la Ministra de Transportes, Movilidad y Agenda Urbana, el Presidente de la Junta e incluso el &nbsp;Presidente del Gobierno, participaran el pr\u00f3ximo lunes d\u00eda 18 de Julio en un nuevo viaje del tren de la verg\u00fcenza.<\/p>\n\n\n\n<figure class=\"wp-block-image size-large is-resized\"><img loading=\"lazy\" decoding=\"async\" src=\"https:\/\/www.juntosporextremadura.es\/blog\/wp-content\/uploads\/2022\/07\/mi-chica-2-1024x768.jpeg\" alt=\"\" class=\"wp-image-106\" width=\"357\" height=\"268\" srcset=\"https:\/\/www.juntosporextremadura.es\/blog\/wp-content\/uploads\/2022\/07\/mi-chica-2-1024x768.jpeg 1024w, https:\/\/www.juntosporextremadura.es\/blog\/wp-content\/uploads\/2022\/07\/mi-chica-2-300x225.jpeg 300w, https:\/\/www.juntosporextremadura.es\/blog\/wp-content\/uploads\/2022\/07\/mi-chica-2-768x576.jpeg 768w, https:\/\/www.juntosporextremadura.es\/blog\/wp-content\/uploads\/2022\/07\/mi-chica-2-1536x1152.jpeg 1536w, https:\/\/www.juntosporextremadura.es\/blog\/wp-content\/uploads\/2022\/07\/mi-chica-2.jpeg 2048w\" sizes=\"auto, (max-width: 357px) 100vw, 357px\" \/><\/figure>\n\n\n\n<p>Ya lo denunciamos el pasado d\u00eda 23 de Junio cuando el Sr. Guillermo Fdez. Vara junto a la Ministra participaron en una bochornosa presentaci\u00f3n de un tren indigno por una v\u00eda sin electrificar y donde JUEX llego antes a Badajoz con su furgoneta corporativa que un tren que deber\u00eda de poder desarrollar mas de 200 km\/h.<\/p>\n\n\n\n<p>El pasado d\u00eda 23 de Junio, salimos a las 9:40 desde Plasencia a Badajoz con nuestra furgoneta corporativa y llegamos 30 min. antes que el tren de la verg\u00fcenza. En esta ocasi\u00f3n, ser\u00e1 la Secretaria General por Badajoz, Raquel Gonz\u00e1lez Silos quien har\u00e1 el viaje paralelo; saldr\u00e1 desde C\u00e1ceres justo en el mismo instante que lo haga el convoy direcci\u00f3n Badajoz para nuevamente denunciar la situaci\u00f3n que la sociedad Extreme\u00f1a sufre, queremos poner en conocimiento del Pueblo Extreme\u00f1o que todo esta fanfarria se trata de una propaganda pol\u00edtica\/electoralista por parte de la Junta, queremos denunciar que se haga con recursos p\u00fablicos y sobre todo que no hay tren que inaugurar salvo el tren de segunda mano de la verg\u00fcenza que nos han tra\u00eddo.<\/p>\n\n\n\n<p>Desde Juntos X Extremadura queremos mostrar nuestro apoyo a que el tren de alta velocidad llegue a nuestra tierra, queremos llegar a Madrid, a Sevilla y la linea del corredor Ruta de la Plata, queremos recalcar que es nuestra firme convicci\u00f3n el trabajar por Extremadura en consenso y desde un \u201cRegionalismo sensato\u201d. No queremos que se nos intente tomar el pelo con propaganda enga\u00f1osa como la del pr\u00f3ximo d\u00eda 18 de Julio. Queremos lanzar un mensaje &nbsp;claro a los que quieran mentir y restar derechos a los Extreme\u00f1os. Denunciaremos y defenderemos a Extremadura. os a\u00f1os donde la mentira campaba a sus anchas por nuestra tierra ya termin\u00f3, si tenemos las mismas obligaciones debemos tener los mismos derechos.<\/p>\n\n\n\n<p>&nbsp;Hay que pedir por lo nuestro !!<\/p>\n\n\n","protected":false},"excerpt":{"rendered":"<p>Su Majestad el Rey, la Ministra de Transportes, Movilidad y Agenda Urbana, el Presidente de la Junta e incluso el &nbsp;Presidente del Gobierno, participaran el pr\u00f3ximo lunes d\u00eda 18 de Julio en un nuevo viaje del tren de la verg\u00fcenza. Ya lo denunciamos el pasado d\u00eda 23 de Junio cuando el Sr. Guillermo Fdez. Vara [&hellip;]<\/p>\n","protected":false},"author":2,"featured_media":0,"comment_status":"closed","ping_status":"open","sticky":false,"template":"","format":"standard","meta":{"footnotes":""},"categories":[1],"tags":[],"class_list":["post-105","post","type-post","status-publish","format-standard","hentry","category-sin-categoria"],"_links":{"self":[{"href":"https:\/\/www.juntosporextremadura.es\/blog\/wp-json\/wp\/v2\/posts\/105","targetHints":{"allow":["GET"]}}],"collection":[{"href":"https:\/\/www.juntosporextremadura.es\/blog\/wp-json\/wp\/v2\/posts"}],"about":[{"href":"https:\/\/www.juntosporextremadura.es\/blog\/wp-json\/wp\/v2\/types\/post"}],"author":[{"embeddable":true,"href":"https:\/\/www.juntosporextremadura.es\/blog\/wp-json\/wp\/v2\/users\/2"}],"replies":[{"embeddable":true,"href":"https:\/\/www.juntosporextremadura.es\/blog\/wp-json\/wp\/v2\/comments?post=105"}],"version-history":[{"count":1,"href":"https:\/\/www.juntosporextremadura.es\/blog\/wp-json\/wp\/v2\/posts\/105\/revisions"}],"predecessor-version":[{"id":107,"href":"https:\/\/www.juntosporextremadura.es\/blog\/wp-json\/wp\/v2\/posts\/105\/revisions\/107"}],"wp:attachment":[{"href":"https:\/\/www.juntosporextremadura.es\/blog\/wp-json\/wp\/v2\/media?parent=105"}],"wp:term":[{"taxonomy":"category","embeddable":true,"href":"https:\/\/www.juntosporextremadura.es\/blog\/wp-json\/wp\/v2\/categories?post=105"},{"taxonomy":"post_tag","embeddable":true,"href":"https:\/\/www.juntosporextremadura.es\/blog\/wp-json\/wp\/v2\/tags?post=105"}],"curies":[{"name":"wp","href":"https:\/\/api.w.org\/{rel}","templated":true}]}}