{"id":1,"date":"2022-01-04T12:25:08","date_gmt":"2022-01-04T11:25:08","guid":{"rendered":"https:\/\/www.juntosporextremadura.es\/blog\/?p=1"},"modified":"2022-01-29T00:29:39","modified_gmt":"2022-01-28T23:29:39","slug":"hola-mundo","status":"publish","type":"post","link":"https:\/\/www.juntosporextremadura.es\/blog\/hola-mundo\/","title":{"rendered":"Nace Juntos X Extremadura"},"content":{"rendered":"\n<p>Un grupo de profesionales de la sociedad civil y sin afiliaci\u00f3n pol\u00edtica previa, decidimos dar el salto a la pol\u00edtica por considerar que es el medio adecuado para impulsar los cambios que Extremadura necesita para salir del vag\u00f3n de cola del progreso espa\u00f1ol e incluso europeo.<\/p>\n\n\n\n<p>Llegamos a la conclusi\u00f3n de que nuestras iniciativas personales y nuestro voto a los partidos actuales de \u00e1mbito estatal no han causado ni causar\u00e1n el efecto deseado.<\/p>\n\n\n\n<p>El motivo de nuestra iniciativa ha sido el hecho de constatar la necesidad de contar en Extremadura con un partido regionalista, moderno y joven, en el que tengan cabida todas las ideolog\u00edas no extremistas, que nos permita luchar tanto en los ayuntamientos, en nuestra Comunidad Aut\u00f3noma, as\u00ed como el Parlamento de Espa\u00f1a por la mejora de nuestra situaci\u00f3n de letargo.<\/p>\n\n\n\n<p>No somos catastrofistas, consideramos que Extremadura ha progresado, pero no hasta el punto que nos merecemos. Creemos que a pesar de las buenas intenciones y del esfuerzo denodado por conseguir los objetivos para nuestra tierra, la disciplina de voto de los partidos de \u00e1mbito estatal ha imposibilitado defender con fuerza nuestras posturas en el parlamento nacional.<\/p>\n\n\n\n<div class=\"wp-block-image\"><figure class=\"aligncenter\"><img decoding=\"async\" src=\"https:\/\/www.juntosporextremadura.es\/images\/secciones\/ideales01.jpg\" alt=\"Aljibe\"\/><\/figure><\/div>\n\n\n\n<h3 class=\"cent txtPrim\">Pensamos que ya ha llegado el momento de hacer o\u00edr nuestras voces y las de todos aquellos que se quieran unir a nuestra aventura.<\/h3>\n","protected":false},"excerpt":{"rendered":"<p>Un grupo de profesionales de la sociedad civil y sin afiliaci\u00f3n pol\u00edtica previa, decidimos dar el salto a la pol\u00edtica por considerar que es el medio adecuado para impulsar los cambios que Extremadura necesita para salir del vag\u00f3n de cola del progreso espa\u00f1ol e incluso europeo. Llegamos a la conclusi\u00f3n de que nuestras iniciativas personales [&hellip;]<\/p>\n","protected":false},"author":2,"featured_media":12,"comment_status":"closed","ping_status":"open","sticky":false,"template":"","format":"standard","meta":{"footnotes":""},"categories":[1],"tags":[],"class_list":["post-1","post","type-post","status-publish","format-standard","has-post-thumbnail","hentry","category-sin-categoria"],"_links":{"self":[{"href":"https:\/\/www.juntosporextremadura.es\/blog\/wp-json\/wp\/v2\/posts\/1","targetHints":{"allow":["GET"]}}],"collection":[{"href":"https:\/\/www.juntosporextremadura.es\/blog\/wp-json\/wp\/v2\/posts"}],"about":[{"href":"https:\/\/www.juntosporextremadura.es\/blog\/wp-json\/wp\/v2\/types\/post"}],"author":[{"embeddable":true,"href":"https:\/\/www.juntosporextremadura.es\/blog\/wp-json\/wp\/v2\/users\/2"}],"replies":[{"embeddable":true,"href":"https:\/\/www.juntosporextremadura.es\/blog\/wp-json\/wp\/v2\/comments?post=1"}],"version-history":[{"count":6,"href":"https:\/\/www.juntosporextremadura.es\/blog\/wp-json\/wp\/v2\/posts\/1\/revisions"}],"predecessor-version":[{"id":20,"href":"https:\/\/www.juntosporextremadura.es\/blog\/wp-json\/wp\/v2\/posts\/1\/revisions\/20"}],"wp:featuredmedia":[{"embeddable":true,"href":"https:\/\/www.juntosporextremadura.es\/blog\/wp-json\/wp\/v2\/media\/12"}],"wp:attachment":[{"href":"https:\/\/www.juntosporextremadura.es\/blog\/wp-json\/wp\/v2\/media?parent=1"}],"wp:term":[{"taxonomy":"category","embeddable":true,"href":"https:\/\/www.juntosporextremadura.es\/blog\/wp-json\/wp\/v2\/categories?post=1"},{"taxonomy":"post_tag","embeddable":true,"href":"https:\/\/www.juntosporextremadura.es\/blog\/wp-json\/wp\/v2\/tags?post=1"}],"curies":[{"name":"wp","href":"https:\/\/api.w.org\/{rel}","templated":true}]}}